{"id":49167,"date":"2022-06-21T10:39:23","date_gmt":"2022-06-21T15:39:23","guid":{"rendered":"https:\/\/cortesuprema.gov.co\/corte\/?p=49167"},"modified":"2022-06-21T10:39:23","modified_gmt":"2022-06-21T15:39:23","slug":"condena-a-exrepresentante-a-la-camara-por-exigir-a-dos-miembros-de-su-utl-parte-de-su-salario","status":"publish","type":"post","link":"https:\/\/cortesuprema.gov.co\/corte\/index.php\/2022\/06\/21\/condena-a-exrepresentante-a-la-camara-por-exigir-a-dos-miembros-de-su-utl-parte-de-su-salario\/","title":{"rendered":"Condena a exrepresentante a la C\u00e1mara por exigir a dos miembros de su UTL parte de su salario"},"content":{"rendered":"<p><b><span data-contrast=\"none\">Bogot\u00e1, D.C., martes 21 de junio de 2022. <\/span><\/b><span data-contrast=\"auto\">La Corte Suprema de Justicia conden\u00f3 en primera instancia al exrepresentante a la C\u00e1mara Luis Enrique Salas Mois\u00e9s a una pena de 10 a\u00f1os y 11 meses de prisi\u00f3n como autor del delito de concusi\u00f3n continuado en concurso homog\u00e9neo. Tambi\u00e9n fue inhabilitado por 103 meses y 13 d\u00edas, y tendr\u00e1 que pagar una multa de 200 salarios m\u00ednimos legales mensuales vigentes.\u00a0<\/span><span data-ccp-props=\"{&quot;134233117&quot;:false,&quot;134233118&quot;:false,&quot;201341983&quot;:0,&quot;335551550&quot;:6,&quot;335551620&quot;:6,&quot;335559685&quot;:0,&quot;335559737&quot;:0,&quot;335559738&quot;:0,&quot;335559739&quot;:200,&quot;335559740&quot;:276}\">\u00a0<\/span><\/p>\n<p><span data-contrast=\"auto\">La Sala Especial de Primera Instancia profiri\u00f3 esta sentencia condenatoria\u00a0por hechos que ocurrieron durante sus distintos periodos en la C\u00e1mara de Representantes, entre 2002-2006, 2006-2010 y entre el 3 de noviembre de 2010 hasta el 2011, cuando perdi\u00f3 su investidura. En esos periodos se determin\u00f3 que el entonces congresista indujo a dos de sus colaboradores, que adem\u00e1s eran integrantes de la Iglesia Cristiana \u201cEn tu Presencia\u201d de la cual \u00e9l era pastor, a que le entregaran parte de su salario mensual con la promesa de mantenerlos vinculados a su Unidad de Trabajo Legislativo (UTL).\u00a0<\/span><span data-ccp-props=\"{&quot;201341983&quot;:0,&quot;335551550&quot;:6,&quot;335551620&quot;:6,&quot;335559739&quot;:200,&quot;335559740&quot;:276}\">\u00a0<\/span><\/p>\n<p><span data-contrast=\"auto\">Tras el juicio en su contra, la Sala concluy\u00f3 que \u201cLuis Enrique Salas Mois\u00e9s, abusando de sus funciones como representante a la C\u00e1mara, ejecut\u00f3 actos de poder tendientes a exigir indebidamente a dos de los trabajadores de su Unidad de Trabajo Legislativo la entrega de parte del salario que percib\u00edan como funcionarios del Congreso de la Rep\u00fablica\u201d.\u00a0<\/span><span data-ccp-props=\"{&quot;201341983&quot;:0,&quot;335551550&quot;:6,&quot;335551620&quot;:6,&quot;335559739&quot;:200,&quot;335559740&quot;:276}\">\u00a0<\/span><\/p>\n<p><span data-contrast=\"auto\">La sentencia condenatoria de primera instancia se\u00f1ala que se encontr\u00f3 demostrado que los dos trabajadores mantuvieron una relaci\u00f3n de subordinaci\u00f3n frente a Salas Mois\u00e9s, pues \u00e9l les asign\u00f3 funciones t\u00edpicas como miembros de su UTL, las cuales desempe\u00f1aban en la sede de la Iglesia Cristiana \u201cEn Tu Presencia\u201d en la que los dos colaboradores profesaban su fe, instalaciones en las que adem\u00e1s funcionaba la oficina pol\u00edtica del entonces representante. <\/span><span data-ccp-props=\"{&quot;201341983&quot;:0,&quot;335551550&quot;:6,&quot;335551620&quot;:6,&quot;335559739&quot;:200,&quot;335559740&quot;:276}\">\u00a0<\/span><\/p>\n<p><span data-contrast=\"auto\">\u201cEmpero, desbordando indebidamente los l\u00edmites de su funci\u00f3n, Salas Mois\u00e9s prevalido de su investidura y jerarqu\u00eda, a cambio de nombrar a la primera, promover al segundo y, mantenerlos vinculados a la unidad de trabajo, les exigi\u00f3 la entrega de parte del dinero que devengaran producto de la relaci\u00f3n laboral\u201d, destaca la sentencia. <\/span><span data-ccp-props=\"{&quot;201341983&quot;:0,&quot;335551550&quot;:6,&quot;335551620&quot;:6,&quot;335559739&quot;:200,&quot;335559740&quot;:276}\">\u00a0<\/span><\/p>\n<p><span data-contrast=\"auto\">La Corte Suprema de Justicia tambi\u00e9n determin\u00f3 que Salas Mois\u00e9s actu\u00f3 con dolo, pues es evidente que \u201cse aprovech\u00f3 no solo de su investidura como congresista sino de la posici\u00f3n de l\u00edder que ocupa en la Iglesia Cristiana, as\u00ed como de las necesidades de los mencionados excolaboradores y miembros de la congregaci\u00f3n religiosa a las que no era ajeno, para usarlos a su favor y obtener de estos un provecho para s\u00ed, con pleno conocimiento de que su actuar se adecuaba al tipo penal imputado (&#8230;)\u201d.\u00a0<\/span><\/p>\n<p><span data-contrast=\"auto\">Por estos hechos, la Sala de Primera Instancia tambi\u00e9n conden\u00f3 al excongresista a pagar a la trabajadora v\u00edctima de su conducta la suma de 302 millones de pesos por los da\u00f1os causados, y una reparaci\u00f3n de 68 millones de pesos al otro colaborador afectado.\u00a0<\/span><span data-ccp-props=\"{&quot;201341983&quot;:0,&quot;335551550&quot;:6,&quot;335551620&quot;:6,&quot;335559739&quot;:200,&quot;335559740&quot;:276}\">\u00a0<\/span><\/p>\n<p>Consulte aqu\u00ed el contenido de la sentencia <strong><a href=\"https:\/\/cortesuprema.gov.co\/corte\/wp-content\/uploads\/2022\/06\/SEP076-2022.pdf\">SEP076-2022:<\/a>\u00a0<\/strong><\/p>\n[spiderpowa-pdf src=\u00bbhttps:\/\/cortesuprema.gov.co\/corte\/wp-content\/uploads\/2022\/06\/SEP076-2022.pdf\u00bb]<a href=\"https:\/\/cortesuprema.gov.co\/corte\/wp-content\/uploads\/2022\/06\/SEP076-2022.pdf\">SEP076-2022<\/a><\/p>\n","protected":false},"excerpt":{"rendered":"<p>Bogot\u00e1, D.C., martes 21 de junio de 2022. La Corte Suprema de Justicia conden\u00f3 en primera instancia al exrepresentante a la C\u00e1mara Luis Enrique Salas Mois\u00e9s a una pena de 10 a\u00f1os y 11 meses de prisi\u00f3n como autor del delito de concusi\u00f3n continuado en concurso homog\u00e9neo. Tambi\u00e9n fue inhabilitado por 103 meses y 13 &hellip; <a href=\"https:\/\/cortesuprema.gov.co\/corte\/index.php\/2022\/06\/21\/condena-a-exrepresentante-a-la-camara-por-exigir-a-dos-miembros-de-su-utl-parte-de-su-salario\/\" class=\"more-link\">Continuar leyendo<span class=\"screen-reader-text\"> \u00abCondena a exrepresentante a la C\u00e1mara por exigir a dos miembros de su UTL parte de su salario\u00bb<\/span><\/a><\/p>\n","protected":false},"author":43,"featured_media":37672,"comment_status":"closed","ping_status":"closed","sticky":false,"template":"","format":"standard","meta":{"footnotes":""},"categories":[27,1],"tags":[],"class_list":["post-49167","post","type-post","status-publish","format-standard","has-post-thumbnail","hentry","category-news","category-sin-categoria"],"_links":{"self":[{"href":"https:\/\/cortesuprema.gov.co\/corte\/index.php\/wp-json\/wp\/v2\/posts\/49167","targetHints":{"allow":["GET"]}}],"collection":[{"href":"https:\/\/cortesuprema.gov.co\/corte\/index.php\/wp-json\/wp\/v2\/posts"}],"about":[{"href":"https:\/\/cortesuprema.gov.co\/corte\/index.php\/wp-json\/wp\/v2\/types\/post"}],"author":[{"embeddable":true,"href":"https:\/\/cortesuprema.gov.co\/corte\/index.php\/wp-json\/wp\/v2\/users\/43"}],"replies":[{"embeddable":true,"href":"https:\/\/cortesuprema.gov.co\/corte\/index.php\/wp-json\/wp\/v2\/comments?post=49167"}],"version-history":[{"count":2,"href":"https:\/\/cortesuprema.gov.co\/corte\/index.php\/wp-json\/wp\/v2\/posts\/49167\/revisions"}],"predecessor-version":[{"id":49173,"href":"https:\/\/cortesuprema.gov.co\/corte\/index.php\/wp-json\/wp\/v2\/posts\/49167\/revisions\/49173"}],"wp:featuredmedia":[{"embeddable":true,"href":"https:\/\/cortesuprema.gov.co\/corte\/index.php\/wp-json\/wp\/v2\/media\/37672"}],"wp:attachment":[{"href":"https:\/\/cortesuprema.gov.co\/corte\/index.php\/wp-json\/wp\/v2\/media?parent=49167"}],"wp:term":[{"taxonomy":"category","embeddable":true,"href":"https:\/\/cortesuprema.gov.co\/corte\/index.php\/wp-json\/wp\/v2\/categories?post=49167"},{"taxonomy":"post_tag","embeddable":true,"href":"https:\/\/cortesuprema.gov.co\/corte\/index.php\/wp-json\/wp\/v2\/tags?post=49167"}],"curies":[{"name":"wp","href":"https:\/\/api.w.org\/{rel}","templated":true}]}}