{"id":50210,"date":"2022-07-29T11:47:34","date_gmt":"2022-07-29T16:47:34","guid":{"rendered":"https:\/\/cortesuprema.gov.co\/corte\/?p=50210"},"modified":"2022-07-29T11:47:34","modified_gmt":"2022-07-29T16:47:34","slug":"prevaricato-por-accion-elementos-elemento-normativo-decision-manifiestamente-contraria-a-la-ley-explicacion","status":"publish","type":"post","link":"https:\/\/cortesuprema.gov.co\/corte\/index.php\/2022\/07\/29\/prevaricato-por-accion-elementos-elemento-normativo-decision-manifiestamente-contraria-a-la-ley-explicacion\/","title":{"rendered":"PREVARICATO POR ACCI\u00d3N &#8211; Elementos: elemento normativo (decisi\u00f3n manifiestamente contraria a la ley), explicaci\u00f3n"},"content":{"rendered":"<ul>\n<li style=\"text-align: justify;\">La Sala de Casaci\u00f3n Penal resolvi\u00f3 el recurso de apelaci\u00f3n interpuesto por la defensa de J.O.B.B., contra la sentencia proferida por el Tribunal Superior del Distrito Judicial de Pasto que lo conden\u00f3 como autor penalmente responsable de un concurso de delitos de Cohecho Propio y 3 prevaricatos por acci\u00f3n en la modalidad agravada, a las penas de 150 meses de prisi\u00f3n y multa de 350 s.m.l.m.v.<\/li>\n<\/ul>\n<p style=\"text-align: justify;\">\n<ul>\n<li style=\"text-align: justify;\">En esta oportunidad, la Corte confirm\u00f3 la providencia impugnada al concluir que, no se vulner\u00f3 el principio de congruencia; por el contrario, evidenci\u00f3 una confusi\u00f3n del abogado defensor frente a los conceptos de imputaci\u00f3n f\u00e1ctica, hechos jur\u00eddicamente relevantes, hechos indicadores y medios de prueba, por lo que explic\u00f3 cada uno de estos conceptos.<\/li>\n<\/ul>\n<p style=\"text-align: justify;\">\n<ul>\n<li style=\"text-align: justify;\">Adem\u00e1s, consider\u00f3 que se logr\u00f3 demostrar la configuraci\u00f3n de los 3 prevaricatos por acci\u00f3n, a saber: 1) En la expedici\u00f3n de la orden de libertad de uno de los capturados en flagrancia, al no haberlo llevado ante el juez de control de garant\u00edas; 2) Por el reconocimiento de las circunstancias de marginalidad en la formulaci\u00f3n de imputaci\u00f3n, desconociendo sus requisitos esenciales; y 3) Por disponer la devoluci\u00f3n de los dineros incautados, abrog\u00e1ndose competencias que corresponden al funcionario que ejerce control de garant\u00edas.<\/li>\n<\/ul>\n<p style=\"text-align: justify;\">\n<ul>\n<li style=\"text-align: justify;\">Finalmente, analiz\u00f3 que, de la valoraci\u00f3n conjunta de los hechos indicadores, as\u00ed como de los elementos probatorios estipulados con la defensa, y con base en las pruebas que se practicaron en la audiencia de juicio oral, era dable concluir que, el fiscal condenado realiz\u00f3 los 3 prevaricatos por acci\u00f3n, motivado por una promesa remuneratoria, incurriendo con ello en el punible de Cohecho Propio. <strong><a href=\"https:\/\/cortesuprema.gov.co\/corte\/wp-content\/uploads\/relatorias\/pe\/b1jul2022\/SP2129-2022(54153).pdf\" target=\"_blank\" rel=\"noopener noreferrer\">[SP2129-2022(54153)]<\/a><\/strong><\/li>\n<\/ul>\n<p><!--more--><\/p>\n<hr \/>\n[spiderpowa-pdf src=\u00bbhttps:\/\/cortesuprema.gov.co\/corte\/wp-content\/uploads\/relatorias\/pe\/b1jul2022\/SP2129-2022(54153).pdf\u00bb]\n<hr \/>\n<p><strong>Descargue el documento aqu\u00ed: <a href=\"https:\/\/cortesuprema.gov.co\/corte\/wp-content\/uploads\/relatorias\/pe\/b1jul2022\/SP2129-2022(54153).pdf\" target=\"_blank\" rel=\"noopener noreferrer\">SP2129-2022(54153).pdf<\/a><\/strong><\/p>\n","protected":false},"excerpt":{"rendered":"<p>La Sala de Casaci\u00f3n Penal resolvi\u00f3 el recurso de apelaci\u00f3n interpuesto por la defensa de J.O.B.B., contra la sentencia proferida por el Tribunal Superior del Distrito Judicial de Pasto que lo conden\u00f3 como autor penalmente responsable de un concurso de delitos de Cohecho Propio y 3 prevaricatos por acci\u00f3n en la modalidad agravada, a las &hellip; <a href=\"https:\/\/cortesuprema.gov.co\/corte\/index.php\/2022\/07\/29\/prevaricato-por-accion-elementos-elemento-normativo-decision-manifiestamente-contraria-a-la-ley-explicacion\/\" class=\"more-link\">Continuar leyendo<span class=\"screen-reader-text\"> \u00abPREVARICATO POR ACCI\u00d3N &#8211; Elementos: elemento normativo (decisi\u00f3n manifiestamente contraria a la ley), explicaci\u00f3n\u00bb<\/span><\/a><\/p>\n","protected":false},"author":12,"featured_media":0,"comment_status":"closed","ping_status":"closed","sticky":false,"template":"","format":"standard","meta":{"footnotes":""},"categories":[68],"tags":[86,2341,2819,2820,119,71,2821],"class_list":["post-50210","post","type-post","status-publish","format-standard","hentry","category-novedades","tag-corte-suprema-de-justicia","tag-dr-hugo-quintero-bernate","tag-elementos-elemento-normativo-decision-manifiestamente-contraria-a-la-ley","tag-explicacion","tag-prevaricato-por-accion","tag-sala-penal","tag-sp2129-202254153"],"_links":{"self":[{"href":"https:\/\/cortesuprema.gov.co\/corte\/index.php\/wp-json\/wp\/v2\/posts\/50210","targetHints":{"allow":["GET"]}}],"collection":[{"href":"https:\/\/cortesuprema.gov.co\/corte\/index.php\/wp-json\/wp\/v2\/posts"}],"about":[{"href":"https:\/\/cortesuprema.gov.co\/corte\/index.php\/wp-json\/wp\/v2\/types\/post"}],"author":[{"embeddable":true,"href":"https:\/\/cortesuprema.gov.co\/corte\/index.php\/wp-json\/wp\/v2\/users\/12"}],"replies":[{"embeddable":true,"href":"https:\/\/cortesuprema.gov.co\/corte\/index.php\/wp-json\/wp\/v2\/comments?post=50210"}],"version-history":[{"count":1,"href":"https:\/\/cortesuprema.gov.co\/corte\/index.php\/wp-json\/wp\/v2\/posts\/50210\/revisions"}],"predecessor-version":[{"id":50212,"href":"https:\/\/cortesuprema.gov.co\/corte\/index.php\/wp-json\/wp\/v2\/posts\/50210\/revisions\/50212"}],"wp:attachment":[{"href":"https:\/\/cortesuprema.gov.co\/corte\/index.php\/wp-json\/wp\/v2\/media?parent=50210"}],"wp:term":[{"taxonomy":"category","embeddable":true,"href":"https:\/\/cortesuprema.gov.co\/corte\/index.php\/wp-json\/wp\/v2\/categories?post=50210"},{"taxonomy":"post_tag","embeddable":true,"href":"https:\/\/cortesuprema.gov.co\/corte\/index.php\/wp-json\/wp\/v2\/tags?post=50210"}],"curies":[{"name":"wp","href":"https:\/\/api.w.org\/{rel}","templated":true}]}}