{"id":51898,"date":"2022-09-01T08:49:52","date_gmt":"2022-09-01T13:49:52","guid":{"rendered":"https:\/\/cortesuprema.gov.co\/corte\/?p=51898"},"modified":"2022-09-01T08:49:52","modified_gmt":"2022-09-01T13:49:52","slug":"caso-con-enfoque-de-genero-enfoque-de-genero-aplicacion-a-casos-de-mujeres-acusadas-de-cometer-un-delito","status":"publish","type":"post","link":"https:\/\/cortesuprema.gov.co\/corte\/index.php\/2022\/09\/01\/caso-con-enfoque-de-genero-enfoque-de-genero-aplicacion-a-casos-de-mujeres-acusadas-de-cometer-un-delito\/","title":{"rendered":"CASO CON ENFOQUE DE G\u00c9NERO \/ ENFOQUE DE G\u00c9NERO &#8211; Aplicaci\u00f3n a casos de mujeres acusadas de cometer un delito"},"content":{"rendered":"<ul>\n<li style=\"text-align: justify;\">La Sala de Casaci\u00f3n Penal decidi\u00f3, con enfoque de g\u00e9nero, el recurso extraordinario de casaci\u00f3n promovido por la defensa de J.C.M.R., condenada en ambas instancias como autora imputable de tres homicidios agravados.<\/li>\n<\/ul>\n<p style=\"text-align: justify;\">\n<ul>\n<li style=\"text-align: justify;\">En esta oportunidad, la Corte cas\u00f3 parcialmente la sentencia impugnada, y en consecuencia conden\u00f3 a la recurrente como autora inimputable de tres injustos t\u00edpicos de homicidio agravado a la medida de seguridad de veinte (20) a\u00f1os de internamiento en establecimiento psiqui\u00e1trico, cl\u00ednica o instituci\u00f3n adecuada.<\/li>\n<\/ul>\n<p style=\"text-align: justify;\">\n<ul>\n<li style=\"text-align: justify;\">Lo anterior, al encontrar demostrado que, la procesada actu\u00f3 sin la capacidad de discernir el reproche de su proceder, porque en ese momento su facultad de interpretar el mundo y el sentido de sus acciones estaba sustancialmente enervada.<\/li>\n<\/ul>\n<p style=\"text-align: justify;\">\n<ul>\n<li style=\"text-align: justify;\">Conclusi\u00f3n a la que la Sala lleg\u00f3 luego de determinar que, el enfoque de g\u00e9nero tambi\u00e9n es aplicable a los casos de mujeres acusadas de cometer un delito, raz\u00f3n por la que era necesario analizar el contexto social, cultural, econ\u00f3mico y los niveles de baja escolaridad de la encartada. <strong><a href=\"https:\/\/cortesuprema.gov.co\/corte\/wp-content\/uploads\/relatorias\/pe\/b1ago2022\/SP2649-2022(54044).pdf\" target=\"_blank\" rel=\"noopener noreferrer\">[SP2649-2022(54044)]<\/a> <\/strong><\/li>\n<\/ul>\n<p><!--more--><\/p>\n<hr \/>\n<ul>\n<li style=\"text-align: justify;\">[spiderpowa-pdf src=\u00bbhttps:\/\/cortesuprema.gov.co\/corte\/wp-content\/uploads\/relatorias\/pe\/b1ago2022\/SP2649-2022(54044).pdf\u00bb]<\/li>\n<\/ul>\n<hr \/>\n<ul>\n<li style=\"text-align: justify;\">&nbsp;\n<p><strong>Descargue el documento aqu\u00ed: <a href=\"https:\/\/cortesuprema.gov.co\/corte\/wp-content\/uploads\/relatorias\/pe\/b1ago2022\/SP2649-2022(54044).pdf\" target=\"_blank\" rel=\"noopener noreferrer\">SP2649-2022(54044).pdf<\/a><\/strong><\/li>\n<\/ul>\n","protected":false},"excerpt":{"rendered":"<p>La Sala de Casaci\u00f3n Penal decidi\u00f3, con enfoque de g\u00e9nero, el recurso extraordinario de casaci\u00f3n promovido por la defensa de J.C.M.R., condenada en ambas instancias como autora imputable de tres homicidios agravados. En esta oportunidad, la Corte cas\u00f3 parcialmente la sentencia impugnada, y en consecuencia conden\u00f3 a la recurrente como autora inimputable de tres injustos &hellip; <a href=\"https:\/\/cortesuprema.gov.co\/corte\/index.php\/2022\/09\/01\/caso-con-enfoque-de-genero-enfoque-de-genero-aplicacion-a-casos-de-mujeres-acusadas-de-cometer-un-delito\/\" class=\"more-link\">Continuar leyendo<span class=\"screen-reader-text\"> \u00abCASO CON ENFOQUE DE G\u00c9NERO \/ ENFOQUE DE G\u00c9NERO &#8211; Aplicaci\u00f3n a casos de mujeres acusadas de cometer un delito\u00bb<\/span><\/a><\/p>\n","protected":false},"author":12,"featured_media":0,"comment_status":"closed","ping_status":"closed","sticky":false,"template":"","format":"standard","meta":{"footnotes":""},"categories":[68],"tags":[2860,2859,86,225,2804,71,2861],"class_list":["post-51898","post","type-post","status-publish","format-standard","hentry","category-novedades","tag-aplicacion-a-casos-de-mujeres-acusadas-de-cometer-un-delito","tag-caso-con-enfoque-de-genero","tag-corte-suprema-de-justicia","tag-dr-jose-francisco-acuna-vizcaya","tag-enfoque-de-genero","tag-sala-penal","tag-sp2649-202254044"],"_links":{"self":[{"href":"https:\/\/cortesuprema.gov.co\/corte\/index.php\/wp-json\/wp\/v2\/posts\/51898","targetHints":{"allow":["GET"]}}],"collection":[{"href":"https:\/\/cortesuprema.gov.co\/corte\/index.php\/wp-json\/wp\/v2\/posts"}],"about":[{"href":"https:\/\/cortesuprema.gov.co\/corte\/index.php\/wp-json\/wp\/v2\/types\/post"}],"author":[{"embeddable":true,"href":"https:\/\/cortesuprema.gov.co\/corte\/index.php\/wp-json\/wp\/v2\/users\/12"}],"replies":[{"embeddable":true,"href":"https:\/\/cortesuprema.gov.co\/corte\/index.php\/wp-json\/wp\/v2\/comments?post=51898"}],"version-history":[{"count":1,"href":"https:\/\/cortesuprema.gov.co\/corte\/index.php\/wp-json\/wp\/v2\/posts\/51898\/revisions"}],"predecessor-version":[{"id":51900,"href":"https:\/\/cortesuprema.gov.co\/corte\/index.php\/wp-json\/wp\/v2\/posts\/51898\/revisions\/51900"}],"wp:attachment":[{"href":"https:\/\/cortesuprema.gov.co\/corte\/index.php\/wp-json\/wp\/v2\/media?parent=51898"}],"wp:term":[{"taxonomy":"category","embeddable":true,"href":"https:\/\/cortesuprema.gov.co\/corte\/index.php\/wp-json\/wp\/v2\/categories?post=51898"},{"taxonomy":"post_tag","embeddable":true,"href":"https:\/\/cortesuprema.gov.co\/corte\/index.php\/wp-json\/wp\/v2\/tags?post=51898"}],"curies":[{"name":"wp","href":"https:\/\/api.w.org\/{rel}","templated":true}]}}