{"id":51922,"date":"2022-09-01T10:26:49","date_gmt":"2022-09-01T15:26:49","guid":{"rendered":"https:\/\/cortesuprema.gov.co\/corte\/?p=51922"},"modified":"2022-09-01T10:26:49","modified_gmt":"2022-09-01T15:26:49","slug":"ley-de-justicia-y-paz-beneficios-exclusion-por-regla-general-cuando-se-pruebe-que-el-postulado-fue-condenado-con-posterioridad-a-su-desmovilizacion-por-delito-doloso-procedera-la-expulsion-del-tr","status":"publish","type":"post","link":"https:\/\/cortesuprema.gov.co\/corte\/index.php\/2022\/09\/01\/ley-de-justicia-y-paz-beneficios-exclusion-por-regla-general-cuando-se-pruebe-que-el-postulado-fue-condenado-con-posterioridad-a-su-desmovilizacion-por-delito-doloso-procedera-la-expulsion-del-tr\/","title":{"rendered":"LEY DE JUSTICIA Y PAZ &#8211; Beneficios: exclusi\u00f3n, por regla general cuando se pruebe que el postulado fue condenado con posterioridad a su desmovilizaci\u00f3n por delito doloso, proceder\u00e1 la expulsi\u00f3n del tr\u00e1mite transicional"},"content":{"rendered":"<ul>\n<li style=\"text-align: justify;\">La Corte Suprema de Justicia decidi\u00f3 los recursos de apelaci\u00f3n interpuestos por R.S.G. y su defensa, contra la providencia dictada por la Sala de Justicia y Paz del Tribunal Superior del Distrito Judicial de Bogot\u00e1, mediante la cual resolvi\u00f3 excluirlo del proceso transicional, de conformidad con solicitud presentada por la Fiscal\u00eda General de la Naci\u00f3n.<\/li>\n<\/ul>\n<p>&nbsp;<\/p>\n<ul>\n<li style=\"text-align: justify;\">La Sala confirm\u00f3 el Auto de segunda instancia, al considerar que, acreditada la causal objetiva relacionada con que el postulado fue condenado, con posterioridad a su desmovilizaci\u00f3n, por delito doloso, lo que corresponde es la terminaci\u00f3n del proceso de justicia transicional.<\/li>\n<\/ul>\n<p>&nbsp;<\/p>\n<ul>\n<li style=\"text-align: justify;\">Lo anterior, teniendo en cuenta que los punibles de hurto calificado y agravado y porte ilegal de armas de fuego, por los que el postulado fue condenado, no son de escasa entidad en la medida que afectaron en forma real y directa los bienes jur\u00eddicos del patrimonio econ\u00f3mico y la seguridad p\u00fablica; adem\u00e1s, de conformidad con el numeral 5\u00b0 del art\u00edculo 11A de la Ley 975 de 2005, el cumplimiento del requisito de elegibilidad consistente en cesar toda actividad il\u00edcita es exigible a partir de la desmovilizaci\u00f3n y no de la fecha de postulaci\u00f3n. <strong><a href=\"https:\/\/cortesuprema.gov.co\/corte\/wp-content\/uploads\/relatorias\/pe\/b1ago2022\/SP2498-2022(59938).pdf\" target=\"_blank\" rel=\"noopener noreferrer\">[SP2498-2022(59938)]<\/a><\/strong><\/li>\n<\/ul>\n<p><!--more--><\/p>\n<hr \/>\n[spiderpowa-pdf src=\u00bbhttps:\/\/cortesuprema.gov.co\/corte\/wp-content\/uploads\/relatorias\/pe\/b1ago2022\/SP2498-2022(59938).pdf\u00bb]\n<hr \/>\n<p><strong>Descargue el documento aqu\u00ed: <a href=\"https:\/\/cortesuprema.gov.co\/corte\/wp-content\/uploads\/relatorias\/pe\/b1ago2022\/SP2498-2022(59938).pdf\" target=\"_blank\" rel=\"noopener noreferrer\">SP2498-2022(59938).pdf<\/a><\/strong><\/p>\n","protected":false},"excerpt":{"rendered":"<p>La Corte Suprema de Justicia decidi\u00f3 los recursos de apelaci\u00f3n interpuestos por R.S.G. y su defensa, contra la providencia dictada por la Sala de Justicia y Paz del Tribunal Superior del Distrito Judicial de Bogot\u00e1, mediante la cual resolvi\u00f3 excluirlo del proceso transicional, de conformidad con solicitud presentada por la Fiscal\u00eda General de la Naci\u00f3n. &hellip; <a href=\"https:\/\/cortesuprema.gov.co\/corte\/index.php\/2022\/09\/01\/ley-de-justicia-y-paz-beneficios-exclusion-por-regla-general-cuando-se-pruebe-que-el-postulado-fue-condenado-con-posterioridad-a-su-desmovilizacion-por-delito-doloso-procedera-la-expulsion-del-tr\/\" class=\"more-link\">Continuar leyendo<span class=\"screen-reader-text\"> \u00abLEY DE JUSTICIA Y PAZ &#8211; Beneficios: exclusi\u00f3n, por regla general cuando se pruebe que el postulado fue condenado con posterioridad a su desmovilizaci\u00f3n por delito doloso, proceder\u00e1 la expulsi\u00f3n del tr\u00e1mite transicional\u00bb<\/span><\/a><\/p>\n","protected":false},"author":12,"featured_media":0,"comment_status":"closed","ping_status":"closed","sticky":false,"template":"","format":"standard","meta":{"footnotes":""},"categories":[68],"tags":[2443,86,225,2874,198,2875,2876,71,2877],"class_list":["post-51922","post","type-post","status-publish","format-standard","hentry","category-novedades","tag-beneficios","tag-corte-suprema-de-justicia","tag-dr-jose-francisco-acuna-vizcaya","tag-exclusion","tag-ley-de-justicia-y-paz","tag-por-regla-general-cuando-se-pruebe-que-el-postulado-fue-condenado-con-posterioridad-a-su-desmovilizacion-por-delito-doloso","tag-procedera-la-expulsion-del-tramite-transicional","tag-sala-penal","tag-sp2498-202259938"],"_links":{"self":[{"href":"https:\/\/cortesuprema.gov.co\/corte\/index.php\/wp-json\/wp\/v2\/posts\/51922","targetHints":{"allow":["GET"]}}],"collection":[{"href":"https:\/\/cortesuprema.gov.co\/corte\/index.php\/wp-json\/wp\/v2\/posts"}],"about":[{"href":"https:\/\/cortesuprema.gov.co\/corte\/index.php\/wp-json\/wp\/v2\/types\/post"}],"author":[{"embeddable":true,"href":"https:\/\/cortesuprema.gov.co\/corte\/index.php\/wp-json\/wp\/v2\/users\/12"}],"replies":[{"embeddable":true,"href":"https:\/\/cortesuprema.gov.co\/corte\/index.php\/wp-json\/wp\/v2\/comments?post=51922"}],"version-history":[{"count":1,"href":"https:\/\/cortesuprema.gov.co\/corte\/index.php\/wp-json\/wp\/v2\/posts\/51922\/revisions"}],"predecessor-version":[{"id":51923,"href":"https:\/\/cortesuprema.gov.co\/corte\/index.php\/wp-json\/wp\/v2\/posts\/51922\/revisions\/51923"}],"wp:attachment":[{"href":"https:\/\/cortesuprema.gov.co\/corte\/index.php\/wp-json\/wp\/v2\/media?parent=51922"}],"wp:term":[{"taxonomy":"category","embeddable":true,"href":"https:\/\/cortesuprema.gov.co\/corte\/index.php\/wp-json\/wp\/v2\/categories?post=51922"},{"taxonomy":"post_tag","embeddable":true,"href":"https:\/\/cortesuprema.gov.co\/corte\/index.php\/wp-json\/wp\/v2\/tags?post=51922"}],"curies":[{"name":"wp","href":"https:\/\/api.w.org\/{rel}","templated":true}]}}