{"id":52708,"date":"2022-09-30T07:00:15","date_gmt":"2022-09-30T12:00:15","guid":{"rendered":"https:\/\/cortesuprema.gov.co\/corte\/?p=52708"},"modified":"2022-09-30T07:00:15","modified_gmt":"2022-09-30T12:00:15","slug":"circunstancias-de-agravacion-punitiva-deben-aparecer-en-la-resolucion-de-acusacion-tanto-las-genericas-como-las-especificas-factica-y-juridicamente","status":"publish","type":"post","link":"https:\/\/cortesuprema.gov.co\/corte\/index.php\/2022\/09\/30\/circunstancias-de-agravacion-punitiva-deben-aparecer-en-la-resolucion-de-acusacion-tanto-las-genericas-como-las-especificas-factica-y-juridicamente\/","title":{"rendered":"CIRCUNSTANCIAS DE AGRAVACI\u00d3N PUNITIVA\u00a0&#8211; Deben aparecer en la resoluci\u00f3n de acusaci\u00f3n tanto las gen\u00e9ricas como las espec\u00edficas f\u00e1ctica y jur\u00eddicamente"},"content":{"rendered":"<ul>\n<li style=\"text-align: justify;\">La Corte Suprema de Justicia decidi\u00f3 el recurso extraordinario de casaci\u00f3n interpuesto por el defensor de R.J.S.P., contra la sentencia de segunda instancia dictada por el Tribunal Superior de Cartagena, que declar\u00f3 responsable al acusado por los delitos de homicidio agravado y concierto para delinquir agravado, revocando parcialmente la sentencia de primera instancia, emitida por el Juzgado Primero Penal del Circuito Especializado de Cartagena, mediante la cual, conden\u00f3 por el punible de homicidio agravado y absolvi\u00f3 por el delito de concierto para delinquir agravado.<\/li>\n<\/ul>\n<p style=\"text-align: justify;\">\n<ul style=\"text-align: justify;\">\n<li>La Sala de Casaci\u00f3n Penal declar\u00f3 que la acci\u00f3n penal relacionada con la conducta punible de concierto para delinquir agravado prescribi\u00f3 con posterioridad a la decisi\u00f3n de segunda instancia, y antes de que el proceso llegara a la Corte; por lo que decret\u00f3 la cesaci\u00f3n de procedimiento con ocasi\u00f3n de ese delito.<\/li>\n<\/ul>\n<p style=\"text-align: justify;\">\n<ul>\n<li style=\"text-align: justify;\">De otra parte, cas\u00f3 parcialmente la sentencia de segunda instancia, en el sentido de excluir la agravante. En consecuencia, redosific\u00f3 la pena y la sanci\u00f3n accesoria impuesta al procesado, al evidenciar que, la Fiscal\u00eda no realiz\u00f3 esfuerzo alguno por determinar la configuraci\u00f3n de la circunstancia de agravaci\u00f3n del homicidio, pues hizo alusi\u00f3n indistinta a diversas especies.<\/li>\n<\/ul>\n<p>&nbsp;<\/p>\n<ul>\n<li>En este punto, aclar\u00f3 que, las circunstancias de agravaci\u00f3n contempladas en el numeral 7 del art\u00edculo 104 del C\u00f3digo Penal, se rese\u00f1an a cuatro situaciones diferentes: (i) se puso a la v\u00edctima en situaci\u00f3n de indefensi\u00f3n, (ii) se la puso en situaci\u00f3n de inferioridad, (iii) la v\u00edctima se encontraba en situaci\u00f3n de indefensi\u00f3n, la cual fue aprovechada por el agente activo, o (iv) el procesado se aprovech\u00f3 de la situaci\u00f3n de inferioridad en que se encontraba la v\u00edctima; siendo obligatorio para la Fiscal\u00eda precisar, en su acusaci\u00f3n, a cu\u00e1l de los 4 supuestos de hecho que estructuran la causal se est\u00e1 refiriendo. <strong><a href=\"https:\/\/cortesuprema.gov.co\/corte\/wp-content\/uploads\/relatorias\/pe\/b1sep2022\/SP2130-2022(56092).pdf\">[SP2130-2022(56092)]<\/a><\/strong><\/li>\n<\/ul>\n<p><!--more--><\/p>\n<hr \/>\n[spiderpowa-pdf src=\u00bbhttps:\/\/cortesuprema.gov.co\/corte\/wp-content\/uploads\/relatorias\/pe\/b1sep2022\/SP2130-2022(56092).pdf\u00bb]\n<hr \/>\n<p><strong>Descargue el documento aqu\u00ed: <a href=\"https:\/\/cortesuprema.gov.co\/corte\/wp-content\/uploads\/relatorias\/pe\/b1sep2022\/SP2130-2022(56092).pdf\" target=\"_blank\" rel=\"noopener noreferrer\">SP2130-2022(56092).pdf<\/a><\/strong><\/p>\n","protected":false},"excerpt":{"rendered":"<p>La Corte Suprema de Justicia decidi\u00f3 el recurso extraordinario de casaci\u00f3n interpuesto por el defensor de R.J.S.P., contra la sentencia de segunda instancia dictada por el Tribunal Superior de Cartagena, que declar\u00f3 responsable al acusado por los delitos de homicidio agravado y concierto para delinquir agravado, revocando parcialmente la sentencia de primera instancia, emitida por &hellip; <a href=\"https:\/\/cortesuprema.gov.co\/corte\/index.php\/2022\/09\/30\/circunstancias-de-agravacion-punitiva-deben-aparecer-en-la-resolucion-de-acusacion-tanto-las-genericas-como-las-especificas-factica-y-juridicamente\/\" class=\"more-link\">Continuar leyendo<span class=\"screen-reader-text\"> \u00abCIRCUNSTANCIAS DE AGRAVACI\u00d3N PUNITIVA\u00a0&#8211; Deben aparecer en la resoluci\u00f3n de acusaci\u00f3n tanto las gen\u00e9ricas como las espec\u00edficas f\u00e1ctica y jur\u00eddicamente\u00bb<\/span><\/a><\/p>\n","protected":false},"author":12,"featured_media":0,"comment_status":"closed","ping_status":"closed","sticky":false,"template":"","format":"standard","meta":{"footnotes":""},"categories":[68],"tags":[2366,86,2890,2341,71,2891],"class_list":["post-52708","post","type-post","status-publish","format-standard","hentry","category-novedades","tag-circunstancias-de-agravacion-punitiva","tag-corte-suprema-de-justicia","tag-deben-aparecer-en-la-resolucion-de-acusacion-tanto-las-genericas-como-las-especificas-factica-y-juridicamente","tag-dr-hugo-quintero-bernate","tag-sala-penal","tag-sp2130-202256092"],"_links":{"self":[{"href":"https:\/\/cortesuprema.gov.co\/corte\/index.php\/wp-json\/wp\/v2\/posts\/52708","targetHints":{"allow":["GET"]}}],"collection":[{"href":"https:\/\/cortesuprema.gov.co\/corte\/index.php\/wp-json\/wp\/v2\/posts"}],"about":[{"href":"https:\/\/cortesuprema.gov.co\/corte\/index.php\/wp-json\/wp\/v2\/types\/post"}],"author":[{"embeddable":true,"href":"https:\/\/cortesuprema.gov.co\/corte\/index.php\/wp-json\/wp\/v2\/users\/12"}],"replies":[{"embeddable":true,"href":"https:\/\/cortesuprema.gov.co\/corte\/index.php\/wp-json\/wp\/v2\/comments?post=52708"}],"version-history":[{"count":1,"href":"https:\/\/cortesuprema.gov.co\/corte\/index.php\/wp-json\/wp\/v2\/posts\/52708\/revisions"}],"predecessor-version":[{"id":52709,"href":"https:\/\/cortesuprema.gov.co\/corte\/index.php\/wp-json\/wp\/v2\/posts\/52708\/revisions\/52709"}],"wp:attachment":[{"href":"https:\/\/cortesuprema.gov.co\/corte\/index.php\/wp-json\/wp\/v2\/media?parent=52708"}],"wp:term":[{"taxonomy":"category","embeddable":true,"href":"https:\/\/cortesuprema.gov.co\/corte\/index.php\/wp-json\/wp\/v2\/categories?post=52708"},{"taxonomy":"post_tag","embeddable":true,"href":"https:\/\/cortesuprema.gov.co\/corte\/index.php\/wp-json\/wp\/v2\/tags?post=52708"}],"curies":[{"name":"wp","href":"https:\/\/api.w.org\/{rel}","templated":true}]}}