{"id":52714,"date":"2022-09-30T07:47:41","date_gmt":"2022-09-30T12:47:41","guid":{"rendered":"https:\/\/cortesuprema.gov.co\/corte\/?p=52714"},"modified":"2022-09-30T07:47:41","modified_gmt":"2022-09-30T12:47:41","slug":"agente-provocador-requisitos","status":"publish","type":"post","link":"https:\/\/cortesuprema.gov.co\/corte\/index.php\/2022\/09\/30\/agente-provocador-requisitos\/","title":{"rendered":"AGENTE PROVOCADOR\u00a0&#8211; Requisitos"},"content":{"rendered":"<ul>\n<li style=\"text-align: justify;\">La Corte Suprema de Justicia decidi\u00f3 el recurso extraordinario de casaci\u00f3n interpuesto por la defensa t\u00e9cnica de J.S.P.M., contra la sentencia de segunda instancia, por medio de la cual el Tribunal Superior del Distrito Judicial de San Gil, Sala de Decisi\u00f3n Penal, confirm\u00f3 el fallo condenatorio emitido por el Juzgado Segundo Penal del Circuito con funciones de conocimiento de dicha ciudad, por tr\u00e1fico, fabricaci\u00f3n o porte de estupefacientes.<\/li>\n<\/ul>\n<p style=\"text-align: justify;\">\n<ul>\n<li style=\"text-align: justify;\">La Sala no cas\u00f3 la sentencia impugnada, al considerar que, en este caso, el policial encubierto no actu\u00f3 como agente provocador; es decir, no hizo nacer en el procesado la idea de cometer la conducta punible; y, no es cierto que, el fallo demandado este fundado en prueba de referencia.<\/li>\n<\/ul>\n<p style=\"text-align: justify;\">\n<ul>\n<li style=\"text-align: justify;\">Adem\u00e1s, porque la modificaci\u00f3n en la atribuci\u00f3n inicial de responsabilidad de autor\u00eda a coautor\u00eda no constituye violaci\u00f3n del principio de congruencia. <strong><a href=\"https:\/\/cortesuprema.gov.co\/corte\/wp-content\/uploads\/relatorias\/pe\/b1sep2022\/SP2708-2022(61363).pdf\">[SP2708-2022(61363)]<\/a><\/strong><\/li>\n<\/ul>\n<p><!--more--><\/p>\n<hr \/>\n[spiderpowa-pdf src=\u00bbhttps:\/\/cortesuprema.gov.co\/corte\/wp-content\/uploads\/relatorias\/pe\/b1sep2022\/SP2708-2022(61363).pdf\u00bb]\n<hr \/>\n<p><strong>Descargue el documento aqu\u00ed: <a href=\"https:\/\/cortesuprema.gov.co\/corte\/wp-content\/uploads\/relatorias\/pe\/b1sep2022\/SP2708-2022(61363).pdf\" target=\"_blank\" rel=\"noopener noreferrer\">SP2708-2022(61363).pdf<\/a><\/strong><\/p>\n","protected":false},"excerpt":{"rendered":"<p>La Corte Suprema de Justicia decidi\u00f3 el recurso extraordinario de casaci\u00f3n interpuesto por la defensa t\u00e9cnica de J.S.P.M., contra la sentencia de segunda instancia, por medio de la cual el Tribunal Superior del Distrito Judicial de San Gil, Sala de Decisi\u00f3n Penal, confirm\u00f3 el fallo condenatorio emitido por el Juzgado Segundo Penal del Circuito con &hellip; <a href=\"https:\/\/cortesuprema.gov.co\/corte\/index.php\/2022\/09\/30\/agente-provocador-requisitos\/\" class=\"more-link\">Continuar leyendo<span class=\"screen-reader-text\"> \u00abAGENTE PROVOCADOR\u00a0&#8211; Requisitos\u00bb<\/span><\/a><\/p>\n","protected":false},"author":12,"featured_media":0,"comment_status":"closed","ping_status":"closed","sticky":false,"template":"","format":"standard","meta":{"footnotes":""},"categories":[68],"tags":[2898,86,2470,546,71,2897],"class_list":["post-52714","post","type-post","status-publish","format-standard","hentry","category-novedades","tag-agente-provocador","tag-corte-suprema-de-justicia","tag-dr-diego-eugenio-corredor-beltran","tag-requisitos","tag-sala-penal","tag-sp2708-202261363"],"_links":{"self":[{"href":"https:\/\/cortesuprema.gov.co\/corte\/index.php\/wp-json\/wp\/v2\/posts\/52714","targetHints":{"allow":["GET"]}}],"collection":[{"href":"https:\/\/cortesuprema.gov.co\/corte\/index.php\/wp-json\/wp\/v2\/posts"}],"about":[{"href":"https:\/\/cortesuprema.gov.co\/corte\/index.php\/wp-json\/wp\/v2\/types\/post"}],"author":[{"embeddable":true,"href":"https:\/\/cortesuprema.gov.co\/corte\/index.php\/wp-json\/wp\/v2\/users\/12"}],"replies":[{"embeddable":true,"href":"https:\/\/cortesuprema.gov.co\/corte\/index.php\/wp-json\/wp\/v2\/comments?post=52714"}],"version-history":[{"count":1,"href":"https:\/\/cortesuprema.gov.co\/corte\/index.php\/wp-json\/wp\/v2\/posts\/52714\/revisions"}],"predecessor-version":[{"id":52715,"href":"https:\/\/cortesuprema.gov.co\/corte\/index.php\/wp-json\/wp\/v2\/posts\/52714\/revisions\/52715"}],"wp:attachment":[{"href":"https:\/\/cortesuprema.gov.co\/corte\/index.php\/wp-json\/wp\/v2\/media?parent=52714"}],"wp:term":[{"taxonomy":"category","embeddable":true,"href":"https:\/\/cortesuprema.gov.co\/corte\/index.php\/wp-json\/wp\/v2\/categories?post=52714"},{"taxonomy":"post_tag","embeddable":true,"href":"https:\/\/cortesuprema.gov.co\/corte\/index.php\/wp-json\/wp\/v2\/tags?post=52714"}],"curies":[{"name":"wp","href":"https:\/\/api.w.org\/{rel}","templated":true}]}}