{"id":53448,"date":"2022-10-31T10:14:22","date_gmt":"2022-10-31T15:14:22","guid":{"rendered":"https:\/\/cortesuprema.gov.co\/corte\/?p=53448"},"modified":"2022-10-31T11:30:45","modified_gmt":"2022-10-31T16:30:45","slug":"trafico-fabricacion-o-porte-de-estupefacientes-configuracion-el-verbo-rector-llevar-consigo-requiere-de-un-elemento-subjetivo-remitido-a-la-venta-o-distribucion","status":"publish","type":"post","link":"https:\/\/cortesuprema.gov.co\/corte\/index.php\/2022\/10\/31\/trafico-fabricacion-o-porte-de-estupefacientes-configuracion-el-verbo-rector-llevar-consigo-requiere-de-un-elemento-subjetivo-remitido-a-la-venta-o-distribucion\/","title":{"rendered":"TR\u00c1FICO, FABRICACI\u00d3N O PORTE DE ESTUPEFACIENTES\u00a0&#8211; Configuraci\u00f3n: el verbo rector llevar consigo requiere de un elemento subjetivo remitido a la venta o distribuci\u00f3n"},"content":{"rendered":"<ul>\n<li style=\"text-align: justify;\">La Corte Suprema de Justicia decidi\u00f3 el recurso extraordinario de casaci\u00f3n presentado por el Procurador 70 Judicial II Penal de Cali contra la sentencia mediante la cual el Tribunal Superior de esa ciudad confirm\u00f3 la condena que el Juzgado 16 Penal del Circuito le impuso a S.M.N.L. por el delito de tr\u00e1fico, fabricaci\u00f3n o porte de estupefacientes.<\/li>\n<\/ul>\n<ul style=\"text-align: justify;\">\n<li>En esta ocasi\u00f3n, la Sala cas\u00f3 la sentencia impugnada y en su lugar absolvi\u00f3 a la acusada del cargo referido, al encontrar que no se demostr\u00f3 en juicio el aspecto subjetivo del delito, esto es, que la droga hallada en poder de S.M.N.L., tuviere como destino la comercializaci\u00f3n, distribuci\u00f3n o tr\u00e1fico il\u00edcitos.<\/li>\n<\/ul>\n<ul>\n<li style=\"text-align: justify;\">Al respecto, record\u00f3 que, no es posible acreditar la intenci\u00f3n de comercializaci\u00f3n o venta tan solo de la porci\u00f3n de sustancia hallada en poder del agente; adicionalmente, consider\u00f3 improcedente la presunci\u00f3n de culpabilidad efectuada por el Tribunal, en cuanto dedujo el elemento subjetivo del tipo de la precariedad econ\u00f3mica de la acusada. <strong><u><a href=\"https:\/\/cortesuprema.gov.co\/corte\/wp-content\/uploads\/relatorias\/pe\/b1oct2022\/SP3191-2022(52032).pdf\" target=\"_blank\" rel=\"noopener noreferrer\">[SP3191-2022(52032)]<\/a><\/u><\/strong><\/li>\n<\/ul>\n<p><!--more--><\/p>\n<hr \/>\n[spiderpowa-pdf src=\u00bbhttps:\/\/cortesuprema.gov.co\/corte\/wp-content\/uploads\/relatorias\/pe\/b1oct2022\/SP3191-2022(52032).pdf\u00bb]\n<hr \/>\n<p><strong>Descargue el documento aqu\u00ed: <a href=\"https:\/\/cortesuprema.gov.co\/corte\/wp-content\/uploads\/relatorias\/pe\/b1oct2022\/SP3191-2022(52032).pdf\" target=\"_blank\" rel=\"noopener noreferrer\">SP3191-2022(52032).pdf<\/a><\/strong><\/p>\n","protected":false},"excerpt":{"rendered":"<p>La Corte Suprema de Justicia decidi\u00f3 el recurso extraordinario de casaci\u00f3n presentado por el Procurador 70 Judicial II Penal de Cali contra la sentencia mediante la cual el Tribunal Superior de esa ciudad confirm\u00f3 la condena que el Juzgado 16 Penal del Circuito le impuso a S.M.N.L. por el delito de tr\u00e1fico, fabricaci\u00f3n o porte &hellip; <a href=\"https:\/\/cortesuprema.gov.co\/corte\/index.php\/2022\/10\/31\/trafico-fabricacion-o-porte-de-estupefacientes-configuracion-el-verbo-rector-llevar-consigo-requiere-de-un-elemento-subjetivo-remitido-a-la-venta-o-distribucion\/\" class=\"more-link\">Continuar leyendo<span class=\"screen-reader-text\"> \u00abTR\u00c1FICO, FABRICACI\u00d3N O PORTE DE ESTUPEFACIENTES\u00a0&#8211; Configuraci\u00f3n: el verbo rector llevar consigo requiere de un elemento subjetivo remitido a la venta o distribuci\u00f3n\u00bb<\/span><\/a><\/p>\n","protected":false},"author":12,"featured_media":0,"comment_status":"closed","ping_status":"closed","sticky":false,"template":"","format":"standard","meta":{"footnotes":""},"categories":[68],"tags":[1149,86,225,2931,1887,71,2932,456],"class_list":["post-53448","post","type-post","status-publish","format-standard","hentry","category-novedades","tag-configuracion","tag-corte-suprema-de-justicia","tag-dr-jose-francisco-acuna-vizcaya","tag-el-verbo-rector-llevar-consigo-requiere-de-un-elemento-subjetivo-remitido-a-la-venta-o-distribucion","tag-fabricacion-o-porte-de-estupefacientes","tag-sala-penal","tag-sp3191-202252032","tag-trafico"],"_links":{"self":[{"href":"https:\/\/cortesuprema.gov.co\/corte\/index.php\/wp-json\/wp\/v2\/posts\/53448","targetHints":{"allow":["GET"]}}],"collection":[{"href":"https:\/\/cortesuprema.gov.co\/corte\/index.php\/wp-json\/wp\/v2\/posts"}],"about":[{"href":"https:\/\/cortesuprema.gov.co\/corte\/index.php\/wp-json\/wp\/v2\/types\/post"}],"author":[{"embeddable":true,"href":"https:\/\/cortesuprema.gov.co\/corte\/index.php\/wp-json\/wp\/v2\/users\/12"}],"replies":[{"embeddable":true,"href":"https:\/\/cortesuprema.gov.co\/corte\/index.php\/wp-json\/wp\/v2\/comments?post=53448"}],"version-history":[{"count":2,"href":"https:\/\/cortesuprema.gov.co\/corte\/index.php\/wp-json\/wp\/v2\/posts\/53448\/revisions"}],"predecessor-version":[{"id":53485,"href":"https:\/\/cortesuprema.gov.co\/corte\/index.php\/wp-json\/wp\/v2\/posts\/53448\/revisions\/53485"}],"wp:attachment":[{"href":"https:\/\/cortesuprema.gov.co\/corte\/index.php\/wp-json\/wp\/v2\/media?parent=53448"}],"wp:term":[{"taxonomy":"category","embeddable":true,"href":"https:\/\/cortesuprema.gov.co\/corte\/index.php\/wp-json\/wp\/v2\/categories?post=53448"},{"taxonomy":"post_tag","embeddable":true,"href":"https:\/\/cortesuprema.gov.co\/corte\/index.php\/wp-json\/wp\/v2\/tags?post=53448"}],"curies":[{"name":"wp","href":"https:\/\/api.w.org\/{rel}","templated":true}]}}