{"id":53476,"date":"2022-10-31T11:20:10","date_gmt":"2022-10-31T16:20:10","guid":{"rendered":"https:\/\/cortesuprema.gov.co\/corte\/?p=53476"},"modified":"2022-10-31T11:23:30","modified_gmt":"2022-10-31T16:23:30","slug":"principio-del-interes-superior-del-menor-reglas-jurisprudenciales-para-su-aplicacion","status":"publish","type":"post","link":"https:\/\/cortesuprema.gov.co\/corte\/index.php\/2022\/10\/31\/principio-del-interes-superior-del-menor-reglas-jurisprudenciales-para-su-aplicacion\/","title":{"rendered":"PRINCIPIO DEL INTER\u00c9S SUPERIOR DEL MENOR\u00a0&#8211; Reglas jurisprudenciales para su aplicaci\u00f3n"},"content":{"rendered":"<ul>\n<li style=\"text-align: justify;\">La Corte Suprema de justicia resolvi\u00f3 el recurso de casaci\u00f3n interpuesto por el representante del Ministerio P\u00fablico contra la sentencia dictada por el Tribunal Superior del Distrito Judicial de Bogot\u00e1, mediante la cual confirm\u00f3 la proferida por el Juzgado Quinto Penal del Circuito para Adolescentes de la misma ciudad, que conden\u00f3 a J.J.C.C.\u00a0 como autor del punible de hurto calificado agravado.<\/li>\n<\/ul>\n<p style=\"text-align: justify;\">\n<ul>\n<li style=\"text-align: justify;\">En esta oportunidad, la Sala cas\u00f3 la sentencia del Tribunal Superior de Bogot\u00e1, en el sentido de decretar la nulidad de la actuaci\u00f3n, desde la audiencia de verificaci\u00f3n de allanamiento a cargos e imposici\u00f3n de sanci\u00f3n, con el fin de que esta se rehaga y se determine all\u00ed si J.J.C.C. al momento de la comisi\u00f3n de la conducta punible, pudo comprender y tener conciencia de su conducta.<\/li>\n<\/ul>\n<p style=\"text-align: justify;\">\n<ul>\n<li style=\"text-align: justify;\">Lo anterior por cuanto el juez de primera instancia no verific\u00f3 correctamente la legalidad del allanamiento a cargos y, adem\u00e1s, tampoco realiz\u00f3 una interpretaci\u00f3n constitucional ni convencional adecuada frente al art\u00edculo 142 Inc. 2\u00ba de la Ley de Infancia y Adolescencia, porque cuando observ\u00f3 las incapacidades psicol\u00f3gicas y psiqui\u00e1tricas del menor infractor, debi\u00f3 ordenar un dictamen m\u00e9dico legal que le permitiera aclarar si el menor se encontraba en una situaci\u00f3n de inimputabilidad que imped\u00eda avanzar con el tr\u00e1mite procesal. <strong><u><a href=\"https:\/\/cortesuprema.gov.co\/corte\/wp-content\/uploads\/relatorias\/pe\/b1oct2022\/SP3520-2022(60553).pdf\" target=\"_blank\" rel=\"noopener noreferrer\">[SP3520-2022(60553)]<\/a><\/u><\/strong><!--more--><\/li>\n<\/ul>\n<hr \/>\n[spiderpowa-pdf src=\u00bbhttps:\/\/cortesuprema.gov.co\/corte\/wp-content\/uploads\/relatorias\/pe\/b1oct2022\/SP3520-2022(60553).pdf\u00bb]\n<hr \/>\n<p><strong>Descargue el documento aqu\u00ed: <a href=\"https:\/\/cortesuprema.gov.co\/corte\/wp-content\/uploads\/relatorias\/pe\/b1oct2022\/SP3520-2022(60553).pdf\" target=\"_blank\" rel=\"noopener noreferrer\">SP3520-2022(60553).pdf<\/a><\/strong><\/p>\n","protected":false},"excerpt":{"rendered":"<p>La Corte Suprema de justicia resolvi\u00f3 el recurso de casaci\u00f3n interpuesto por el representante del Ministerio P\u00fablico contra la sentencia dictada por el Tribunal Superior del Distrito Judicial de Bogot\u00e1, mediante la cual confirm\u00f3 la proferida por el Juzgado Quinto Penal del Circuito para Adolescentes de la misma ciudad, que conden\u00f3 a J.J.C.C.\u00a0 como autor &hellip; <a href=\"https:\/\/cortesuprema.gov.co\/corte\/index.php\/2022\/10\/31\/principio-del-interes-superior-del-menor-reglas-jurisprudenciales-para-su-aplicacion\/\" class=\"more-link\">Continuar leyendo<span class=\"screen-reader-text\"> \u00abPRINCIPIO DEL INTER\u00c9S SUPERIOR DEL MENOR\u00a0&#8211; Reglas jurisprudenciales para su aplicaci\u00f3n\u00bb<\/span><\/a><\/p>\n","protected":false},"author":12,"featured_media":0,"comment_status":"closed","ping_status":"closed","sticky":false,"template":"","format":"standard","meta":{"footnotes":""},"categories":[68],"tags":[86,225,2944,2945,71,2946],"class_list":["post-53476","post","type-post","status-publish","format-standard","hentry","category-novedades","tag-corte-suprema-de-justicia","tag-dr-jose-francisco-acuna-vizcaya","tag-principio-del-interes-superior-del-menor","tag-reglas-jurisprudenciales-para-su-aplicacion","tag-sala-penal","tag-sp3520-202260553"],"_links":{"self":[{"href":"https:\/\/cortesuprema.gov.co\/corte\/index.php\/wp-json\/wp\/v2\/posts\/53476","targetHints":{"allow":["GET"]}}],"collection":[{"href":"https:\/\/cortesuprema.gov.co\/corte\/index.php\/wp-json\/wp\/v2\/posts"}],"about":[{"href":"https:\/\/cortesuprema.gov.co\/corte\/index.php\/wp-json\/wp\/v2\/types\/post"}],"author":[{"embeddable":true,"href":"https:\/\/cortesuprema.gov.co\/corte\/index.php\/wp-json\/wp\/v2\/users\/12"}],"replies":[{"embeddable":true,"href":"https:\/\/cortesuprema.gov.co\/corte\/index.php\/wp-json\/wp\/v2\/comments?post=53476"}],"version-history":[{"count":3,"href":"https:\/\/cortesuprema.gov.co\/corte\/index.php\/wp-json\/wp\/v2\/posts\/53476\/revisions"}],"predecessor-version":[{"id":53479,"href":"https:\/\/cortesuprema.gov.co\/corte\/index.php\/wp-json\/wp\/v2\/posts\/53476\/revisions\/53479"}],"wp:attachment":[{"href":"https:\/\/cortesuprema.gov.co\/corte\/index.php\/wp-json\/wp\/v2\/media?parent=53476"}],"wp:term":[{"taxonomy":"category","embeddable":true,"href":"https:\/\/cortesuprema.gov.co\/corte\/index.php\/wp-json\/wp\/v2\/categories?post=53476"},{"taxonomy":"post_tag","embeddable":true,"href":"https:\/\/cortesuprema.gov.co\/corte\/index.php\/wp-json\/wp\/v2\/tags?post=53476"}],"curies":[{"name":"wp","href":"https:\/\/api.w.org\/{rel}","templated":true}]}}