{"id":54884,"date":"2022-12-19T08:58:26","date_gmt":"2022-12-19T13:58:26","guid":{"rendered":"https:\/\/cortesuprema.gov.co\/corte\/?p=54884"},"modified":"2022-12-19T08:58:26","modified_gmt":"2022-12-19T13:58:26","slug":"imputacion-objetiva-creacion-del-riesgo-juridicamente-desaprobado-sustituye-el-elemento-infraccion-al-deber-objetivo-de-cuidado","status":"publish","type":"post","link":"https:\/\/cortesuprema.gov.co\/corte\/index.php\/2022\/12\/19\/imputacion-objetiva-creacion-del-riesgo-juridicamente-desaprobado-sustituye-el-elemento-infraccion-al-deber-objetivo-de-cuidado\/","title":{"rendered":"IMPUTACI\u00d3N OBJETIVA\u00a0&#8211; Creaci\u00f3n del riesgo jur\u00eddicamente desaprobado: sustituye el elemento infracci\u00f3n al deber objetivo de cuidado"},"content":{"rendered":"<p>La Sala de Casaci\u00f3n Penal resolvi\u00f3 la impugnaci\u00f3n especial promovida por el defensor de L.E.C.B. contra la sentencia dictada por la Sala de Conjueces del Tribunal Superior del Distrito Judicial de Pereira, que, por primera vez en segunda instancia, conden\u00f3 al nombrado por el delito de homicidio culposo.<\/p>\n<p>&nbsp;<\/p>\n<p>En esta oportunidad, en aplicaci\u00f3n del principio <em>in dubio pro reo<\/em>, la Corte revoc\u00f3 el fallo impugnado y, en su lugar, restableci\u00f3 la sentencia dictada en primera instancia, en cuanto absolvi\u00f3 a L.E.C.B. del delito de homicidio culposo; pues, la Fiscal\u00eda, no logr\u00f3 cumplir con una actividad investigativa completa, que permitiera desentra\u00f1ar lo verdaderamente ocurrido en el <em>sub lite<\/em>.<\/p>\n<p>&nbsp;<\/p>\n<p>Para decidir, la Sala analiz\u00f3 el delito imprudente en la teor\u00eda de la imputaci\u00f3n objetiva y concluy\u00f3 que, en \u00e9sta, lo trascendente es: i) que el resultado sea consecuencia de la creaci\u00f3n de un riesgo jur\u00eddicamente desaprobado y ii) que el riesgo se haya realizado en el resultado; elementos que el juez debe verificar desde una perspectiva <em>ex ante<\/em>, con particular atenci\u00f3n en los conocimientos especiales que el sujeto ten\u00eda para ese momento.\u00a0<strong><u><a href=\"https:\/\/cortesuprema.gov.co\/corte\/wp-content\/uploads\/relatorias\/pe\/b1dic2022\/SP3790-2022(56430).pdf\" target=\"_blank\" rel=\"noopener noreferrer\">[SP3790-2022(56430)]<\/a><\/u><\/strong><!--more--><\/p>\n<hr \/>\n[spiderpowa-pdf src=\u00bbhttps:\/\/cortesuprema.gov.co\/corte\/wp-content\/uploads\/relatorias\/pe\/b1dic2022\/SP3790-2022(56430).pdf\u00bb]\n<hr \/>\n<p><strong>Descargue el documento aqu\u00ed: <a href=\"https:\/\/cortesuprema.gov.co\/corte\/wp-content\/uploads\/relatorias\/pe\/b1dic2022\/SP3790-2022(56430).pdf\" target=\"_blank\" rel=\"noopener noreferrer\">SP3790-2022(56430).pdf<\/a><\/strong><\/p>\n<p>&nbsp;<\/p>\n","protected":false},"excerpt":{"rendered":"<p>La Sala de Casaci\u00f3n Penal resolvi\u00f3 la impugnaci\u00f3n especial promovida por el defensor de L.E.C.B. contra la sentencia dictada por la Sala de Conjueces del Tribunal Superior del Distrito Judicial de Pereira, que, por primera vez en segunda instancia, conden\u00f3 al nombrado por el delito de homicidio culposo. &nbsp; En esta oportunidad, en aplicaci\u00f3n del &hellip; <a href=\"https:\/\/cortesuprema.gov.co\/corte\/index.php\/2022\/12\/19\/imputacion-objetiva-creacion-del-riesgo-juridicamente-desaprobado-sustituye-el-elemento-infraccion-al-deber-objetivo-de-cuidado\/\" class=\"more-link\">Continuar leyendo<span class=\"screen-reader-text\"> \u00abIMPUTACI\u00d3N OBJETIVA\u00a0&#8211; Creaci\u00f3n del riesgo jur\u00eddicamente desaprobado: sustituye el elemento infracci\u00f3n al deber objetivo de cuidado\u00bb<\/span><\/a><\/p>\n","protected":false},"author":12,"featured_media":0,"comment_status":"closed","ping_status":"closed","sticky":false,"template":"","format":"standard","meta":{"footnotes":""},"categories":[68],"tags":[86,2991,225,2748,71,2992],"class_list":["post-54884","post","type-post","status-publish","format-standard","hentry","category-novedades","tag-corte-suprema-de-justicia","tag-creacion-del-riesgo-juridicamente-desaprobado-sustituye-el-elemento-infraccion-al-deber-objetivo-de-cuidado","tag-dr-jose-francisco-acuna-vizcaya","tag-imputacion-objetiva","tag-sala-penal","tag-sp3790-202256430"],"_links":{"self":[{"href":"https:\/\/cortesuprema.gov.co\/corte\/index.php\/wp-json\/wp\/v2\/posts\/54884","targetHints":{"allow":["GET"]}}],"collection":[{"href":"https:\/\/cortesuprema.gov.co\/corte\/index.php\/wp-json\/wp\/v2\/posts"}],"about":[{"href":"https:\/\/cortesuprema.gov.co\/corte\/index.php\/wp-json\/wp\/v2\/types\/post"}],"author":[{"embeddable":true,"href":"https:\/\/cortesuprema.gov.co\/corte\/index.php\/wp-json\/wp\/v2\/users\/12"}],"replies":[{"embeddable":true,"href":"https:\/\/cortesuprema.gov.co\/corte\/index.php\/wp-json\/wp\/v2\/comments?post=54884"}],"version-history":[{"count":1,"href":"https:\/\/cortesuprema.gov.co\/corte\/index.php\/wp-json\/wp\/v2\/posts\/54884\/revisions"}],"predecessor-version":[{"id":54885,"href":"https:\/\/cortesuprema.gov.co\/corte\/index.php\/wp-json\/wp\/v2\/posts\/54884\/revisions\/54885"}],"wp:attachment":[{"href":"https:\/\/cortesuprema.gov.co\/corte\/index.php\/wp-json\/wp\/v2\/media?parent=54884"}],"wp:term":[{"taxonomy":"category","embeddable":true,"href":"https:\/\/cortesuprema.gov.co\/corte\/index.php\/wp-json\/wp\/v2\/categories?post=54884"},{"taxonomy":"post_tag","embeddable":true,"href":"https:\/\/cortesuprema.gov.co\/corte\/index.php\/wp-json\/wp\/v2\/tags?post=54884"}],"curies":[{"name":"wp","href":"https:\/\/api.w.org\/{rel}","templated":true}]}}