{"id":55860,"date":"2023-02-06T12:18:47","date_gmt":"2023-02-06T17:18:47","guid":{"rendered":"https:\/\/cortesuprema.gov.co\/corte\/?p=55860"},"modified":"2023-02-06T12:19:42","modified_gmt":"2023-02-06T17:19:42","slug":"corte-condena-a-dos-exgobernadores-de-la-guajira-por-irregularidades-en-contratacion","status":"publish","type":"post","link":"https:\/\/cortesuprema.gov.co\/corte\/index.php\/2023\/02\/06\/corte-condena-a-dos-exgobernadores-de-la-guajira-por-irregularidades-en-contratacion\/","title":{"rendered":"Corte condena a dos exgobernadores de La Guajira por irregularidades en contrataci\u00f3n"},"content":{"rendered":"<p><strong>Bogot\u00e1, D.C., lunes 6 de febrero de 2023. <\/strong>La Sala Especial de Primera Instancia de la Corte Suprema de Justicia conden\u00f3 a los exgobernadores del Departamento de La Guajira, \u00c1lvaro Cuello Blanchar y Hernando David Deluque Freyle a una pena de 4 a\u00f1os de prisi\u00f3n como autores responsables del delito de contrato sin cumplimiento de requisitos legales.<\/p>\n<p>A los dos exmandatarios condenados se les neg\u00f3 la suspensi\u00f3n condicional de la ejecuci\u00f3n de la pena y se les reconoci\u00f3 la prisi\u00f3n domiciliaria. De otro lado, los dos exgobernadores fueron absueltos por el punible de peculado por apropiaci\u00f3n por el cual fueron acusados.<\/p>\n<p>En la condena, en el caso del entonces gobernador \u00c1lvaro Cuello Blanchar se demostr\u00f3 que incumpli\u00f3 con requisitos esenciales al tramitar y celebrar un contrato de obra p\u00fablica con la Uni\u00f3n Temporal F\u00e9nix. Ese negocio jur\u00eddico tuvo como finalidad construir, ampliar y\/o remodelar los palacios municipales de El Molino y Hatonuevo. Tambi\u00e9n la construcci\u00f3n del terminal de paso y la plaza de mercado de San Juan del Cesar; la construcci\u00f3n de la plaza de mercado de Maicao; y de un puente sobre el r\u00edo Rancher\u00eda, que comunica al municipio de Fonseca con el corregimiento El Hatico.<\/p>\n<p>La sentencia condenatoria se\u00f1ala que \u201cel exgobernador quiso de manera deliberada\u201d adelantar la licitaci\u00f3n y celebraci\u00f3n del contrato pese a que no se cumpl\u00edan los requisitos para ello: \u201cA pesar de que sab\u00eda que los dise\u00f1os y planes de factibilidad no estaban completos, de que no se hab\u00eda asegurado el lote sobre el cual se construir\u00eda la plaza de mercado de Maicao -pues el acuerdo con el alcalde fue completamente informal- y de que no se hab\u00eda logrado la concertaci\u00f3n con las comunidades de Hatonuevo y de San Juan del Cesar acerca de las obras que all\u00ed se iban a construir, el mandatario decidi\u00f3 aut\u00f3nomamente tramitar y celebrar el contrato de obra p\u00fablica\u201d, destaca la sentencia contra la cual procede la apelaci\u00f3n.<\/p>\n<p>Y los hechos por los cuales fue juzgado y condenado en primera instancia el exgobernador Hernando David Deluque tienen que ver con las irregularidades en la etapa de ejecuci\u00f3n y liquidaci\u00f3n del mismo contrato.<\/p>\n<p>La Sala de Primera Instancia determin\u00f3 que el entonces gobernador firm\u00f3 dos contratos adicionales, suscribi\u00f3 tambi\u00e9n uno modificatorio, reconoci\u00f3 el restablecimiento del equilibrio econ\u00f3mico y liquid\u00f3 el mencionado convenio sin verificar que se hubiera cumplido su objetivo, afectando el erario: \u201cComo se observa, el acusado era consciente de la necesidad de solucionar los problemas presupuestales y, con el fin de lograr que se cumpliera el objeto, dispuso de m\u00e1s recursos para el contrato. Sin embargo, contrario a lo que argumenta la defensa en sus alegatos, existe prueba dentro del plenario que muestra que las edificaciones de los municipios de Hatonuevo y San Juan del Cesar no fueron finiquitadas y, a pesar de eso, Hernando David Delque Freyle procedi\u00f3 a liquidar y pagar el contrato, con lo cual incurri\u00f3 en el il\u00edcito enrostrado\u201d, se\u00f1ala la sentencia condenatoria.<\/p>\n<p>Consulte el contenido de la sentencia <a href=\"https:\/\/cortesuprema.gov.co\/corte\/wp-content\/uploads\/2023\/02\/SEP-016-2023-1.pdf\"><strong>SEP016-2023:<\/strong><\/a><\/p>\n[spiderpowa-pdf src=\u00bbhttps:\/\/cortesuprema.gov.co\/corte\/wp-content\/uploads\/2023\/02\/SEP-016-2023-1.pdf\u00bb]<a href=\"https:\/\/cortesuprema.gov.co\/corte\/wp-content\/uploads\/2023\/02\/SEP-016-2023-1.pdf\">SEP 016-2023 (1)<\/a><\/p>\n","protected":false},"excerpt":{"rendered":"<p>Bogot\u00e1, D.C., lunes 6 de febrero de 2023. La Sala Especial de Primera Instancia de la Corte Suprema de Justicia conden\u00f3 a los exgobernadores del Departamento de La Guajira, \u00c1lvaro Cuello Blanchar y Hernando David Deluque Freyle a una pena de 4 a\u00f1os de prisi\u00f3n como autores responsables del delito de contrato sin cumplimiento de &hellip; <a href=\"https:\/\/cortesuprema.gov.co\/corte\/index.php\/2023\/02\/06\/corte-condena-a-dos-exgobernadores-de-la-guajira-por-irregularidades-en-contratacion\/\" class=\"more-link\">Continuar leyendo<span class=\"screen-reader-text\"> \u00abCorte condena a dos exgobernadores de La Guajira por irregularidades en contrataci\u00f3n\u00bb<\/span><\/a><\/p>\n","protected":false},"author":43,"featured_media":45663,"comment_status":"closed","ping_status":"closed","sticky":false,"template":"","format":"standard","meta":{"footnotes":""},"categories":[27,1],"tags":[],"class_list":["post-55860","post","type-post","status-publish","format-standard","has-post-thumbnail","hentry","category-news","category-sin-categoria"],"_links":{"self":[{"href":"https:\/\/cortesuprema.gov.co\/corte\/index.php\/wp-json\/wp\/v2\/posts\/55860","targetHints":{"allow":["GET"]}}],"collection":[{"href":"https:\/\/cortesuprema.gov.co\/corte\/index.php\/wp-json\/wp\/v2\/posts"}],"about":[{"href":"https:\/\/cortesuprema.gov.co\/corte\/index.php\/wp-json\/wp\/v2\/types\/post"}],"author":[{"embeddable":true,"href":"https:\/\/cortesuprema.gov.co\/corte\/index.php\/wp-json\/wp\/v2\/users\/43"}],"replies":[{"embeddable":true,"href":"https:\/\/cortesuprema.gov.co\/corte\/index.php\/wp-json\/wp\/v2\/comments?post=55860"}],"version-history":[{"count":1,"href":"https:\/\/cortesuprema.gov.co\/corte\/index.php\/wp-json\/wp\/v2\/posts\/55860\/revisions"}],"predecessor-version":[{"id":55863,"href":"https:\/\/cortesuprema.gov.co\/corte\/index.php\/wp-json\/wp\/v2\/posts\/55860\/revisions\/55863"}],"wp:featuredmedia":[{"embeddable":true,"href":"https:\/\/cortesuprema.gov.co\/corte\/index.php\/wp-json\/wp\/v2\/media\/45663"}],"wp:attachment":[{"href":"https:\/\/cortesuprema.gov.co\/corte\/index.php\/wp-json\/wp\/v2\/media?parent=55860"}],"wp:term":[{"taxonomy":"category","embeddable":true,"href":"https:\/\/cortesuprema.gov.co\/corte\/index.php\/wp-json\/wp\/v2\/categories?post=55860"},{"taxonomy":"post_tag","embeddable":true,"href":"https:\/\/cortesuprema.gov.co\/corte\/index.php\/wp-json\/wp\/v2\/tags?post=55860"}],"curies":[{"name":"wp","href":"https:\/\/api.w.org\/{rel}","templated":true}]}}