{"id":56402,"date":"2023-02-23T19:16:16","date_gmt":"2023-02-24T00:16:16","guid":{"rendered":"https:\/\/cortesuprema.gov.co\/corte\/?p=56402"},"modified":"2023-02-23T19:16:16","modified_gmt":"2023-02-24T00:16:16","slug":"comunicado-de-la-corte-suprema-de-justicia-7","status":"publish","type":"post","link":"https:\/\/cortesuprema.gov.co\/corte\/index.php\/2023\/02\/23\/comunicado-de-la-corte-suprema-de-justicia-7\/","title":{"rendered":"Comunicado de la Corte Suprema de Justicia"},"content":{"rendered":"<p><b><span data-contrast=\"none\">Bogot\u00e1, D.C., jueves 23 de febrero de 2023. <\/span><\/b><span data-contrast=\"none\">La Corte Suprema de Justicia se opone a cualquier tentativa de modificaci\u00f3n de las instituciones nacionales que ponga en peligro las reglas de la democracia que durante m\u00e1s de 120 a\u00f1os ha defendido hasta con el sacrificio de sus propios magistrados.<\/span><span data-ccp-props=\"{&quot;201341983&quot;:0,&quot;335551550&quot;:6,&quot;335551620&quot;:6,&quot;335559731&quot;:0,&quot;335559739&quot;:200,&quot;335559740&quot;:240}\">\u00a0<\/span><\/p>\n<p><span data-contrast=\"none\">En cabeza de jueces y fiscales, con el valioso aporte del Ministerio P\u00fablico, la Rama Judicial ha actuado contra organizaciones criminales, permanentes u ocasionales, y delincuencias unitarias que han defraudado los bienes p\u00fablicos. A miles de actores de los m\u00e1s diversos delitos se les ha atribuido responsabilidad penal o disciplinaria con el uso de herramientas jur\u00eddicas que han logrado la recuperaci\u00f3n de dineros p\u00fablicos y la reparaci\u00f3n de los da\u00f1os.<\/span><span data-ccp-props=\"{&quot;201341983&quot;:0,&quot;335551550&quot;:6,&quot;335551620&quot;:6,&quot;335559731&quot;:0,&quot;335559739&quot;:200,&quot;335559740&quot;:240}\">\u00a0<\/span><\/p>\n<p><span data-contrast=\"none\">Cualquier modificaci\u00f3n legal que dignifique al servidor judicial, dot\u00e1ndolo de mejores herramientas institucionales para la lucha contra la corrupci\u00f3n, dentro de las reglas del ordenamiento constitucional de la democracia nacional, es bienvenida mientras no avasalle la tradici\u00f3n jur\u00eddica nacional, las garant\u00edas debidas a las partes ni los derechos a verdad, justicia y reparaci\u00f3n de las v\u00edctimas.<\/span><span data-ccp-props=\"{&quot;201341983&quot;:0,&quot;335551550&quot;:6,&quot;335551620&quot;:6,&quot;335559731&quot;:0,&quot;335559739&quot;:200,&quot;335559740&quot;:240}\">\u00a0<\/span><\/p>\n","protected":false},"excerpt":{"rendered":"<p>Bogot\u00e1, D.C., jueves 23 de febrero de 2023. La Corte Suprema de Justicia se opone a cualquier tentativa de modificaci\u00f3n de las instituciones nacionales que ponga en peligro las reglas de la democracia que durante m\u00e1s de 120 a\u00f1os ha defendido hasta con el sacrificio de sus propios magistrados.\u00a0 En cabeza de jueces y fiscales, &hellip; <a href=\"https:\/\/cortesuprema.gov.co\/corte\/index.php\/2023\/02\/23\/comunicado-de-la-corte-suprema-de-justicia-7\/\" class=\"more-link\">Continuar leyendo<span class=\"screen-reader-text\"> \u00abComunicado de la Corte Suprema de Justicia\u00bb<\/span><\/a><\/p>\n","protected":false},"author":43,"featured_media":29917,"comment_status":"closed","ping_status":"closed","sticky":false,"template":"","format":"standard","meta":{"footnotes":""},"categories":[66,27],"tags":[],"class_list":["post-56402","post","type-post","status-publish","format-standard","has-post-thumbnail","hentry","category-historia","category-news"],"_links":{"self":[{"href":"https:\/\/cortesuprema.gov.co\/corte\/index.php\/wp-json\/wp\/v2\/posts\/56402","targetHints":{"allow":["GET"]}}],"collection":[{"href":"https:\/\/cortesuprema.gov.co\/corte\/index.php\/wp-json\/wp\/v2\/posts"}],"about":[{"href":"https:\/\/cortesuprema.gov.co\/corte\/index.php\/wp-json\/wp\/v2\/types\/post"}],"author":[{"embeddable":true,"href":"https:\/\/cortesuprema.gov.co\/corte\/index.php\/wp-json\/wp\/v2\/users\/43"}],"replies":[{"embeddable":true,"href":"https:\/\/cortesuprema.gov.co\/corte\/index.php\/wp-json\/wp\/v2\/comments?post=56402"}],"version-history":[{"count":2,"href":"https:\/\/cortesuprema.gov.co\/corte\/index.php\/wp-json\/wp\/v2\/posts\/56402\/revisions"}],"predecessor-version":[{"id":56406,"href":"https:\/\/cortesuprema.gov.co\/corte\/index.php\/wp-json\/wp\/v2\/posts\/56402\/revisions\/56406"}],"wp:featuredmedia":[{"embeddable":true,"href":"https:\/\/cortesuprema.gov.co\/corte\/index.php\/wp-json\/wp\/v2\/media\/29917"}],"wp:attachment":[{"href":"https:\/\/cortesuprema.gov.co\/corte\/index.php\/wp-json\/wp\/v2\/media?parent=56402"}],"wp:term":[{"taxonomy":"category","embeddable":true,"href":"https:\/\/cortesuprema.gov.co\/corte\/index.php\/wp-json\/wp\/v2\/categories?post=56402"},{"taxonomy":"post_tag","embeddable":true,"href":"https:\/\/cortesuprema.gov.co\/corte\/index.php\/wp-json\/wp\/v2\/tags?post=56402"}],"curies":[{"name":"wp","href":"https:\/\/api.w.org\/{rel}","templated":true}]}}