{"id":56511,"date":"2023-03-01T12:11:53","date_gmt":"2023-03-01T17:11:53","guid":{"rendered":"https:\/\/cortesuprema.gov.co\/corte\/?p=56511"},"modified":"2023-03-01T12:11:53","modified_gmt":"2023-03-01T17:11:53","slug":"casacion-la-corte-una-vez-admitida-la-demanda-entra-a-decidir-de-fondo","status":"publish","type":"post","link":"https:\/\/cortesuprema.gov.co\/corte\/index.php\/2023\/03\/01\/casacion-la-corte-una-vez-admitida-la-demanda-entra-a-decidir-de-fondo\/","title":{"rendered":"CASACI\u00d3N &#8211; La Corte una vez admitida la demanda entra a decidir de fondo"},"content":{"rendered":"<ul>\n<li style=\"text-align: justify;\">La Corte Suprema de Justicia decidi\u00f3 el recurso de casaci\u00f3n interpuesto por el apoderado de H.R.C., contra la sentencia proferida por el Tribunal Superior de Manizales, mediante la cual, confirm\u00f3 la decisi\u00f3n emitida por el Juzgado Segundo Penal del Circuito de la misma ciudad, condenando a las penas de cuatrocientos meses de prisi\u00f3n y de inhabilitaci\u00f3n para el ejercicio de derechos y funciones p\u00fablicas, como responsable del delito de homicidio agravado.<\/li>\n<\/ul>\n<p style=\"text-align: justify;\">\n<ul>\n<li style=\"text-align: justify;\">En esta oportunidad la Corte cas\u00f3 parcialmente la sentencia impugnada y como consecuencia, modifico la calificaci\u00f3n jur\u00eddica de la conducta imputada a H.R.C., y en aplicaci\u00f3n del principio de in dubio pro reo, declar\u00f3 que se cometi\u00f3 el delito de inducci\u00f3n o ayuda al suicidio, sin embargo, precluy\u00f3 la investigaci\u00f3n por el anterior delito y declar\u00f3 la extinci\u00f3n la acci\u00f3n penal por prescripci\u00f3n.<\/li>\n<\/ul>\n<p style=\"text-align: justify;\">\n<ul>\n<li style=\"text-align: justify;\">Para ello, la Corte determin\u00f3 que el tribunal incurri\u00f3 en errores de hecho; por falso raciocinio, y falso juicio de identidad; que lo llevaron a no valorar la otra hip\u00f3tesis, que sustentaba que el delito ejecutado fue el de inducci\u00f3n o ayuda al suicidio y no el de homicidio agravado. As\u00ed mismo, se consider\u00f3 que el Tribunal no aplic\u00f3 el principio in dubio pro reo, al no valorar la existencia de esta duda frente a la comisi\u00f3n del delito, la cual debi\u00f3 resolverse a favor del acusado.<\/li>\n<\/ul>\n<p style=\"text-align: justify;\">\n<ul>\n<li style=\"text-align: justify;\">Posteriormente, y al variarse la calificaci\u00f3n jur\u00eddica de la conducta imputada, se precis\u00f3 que el delito de inducci\u00f3n o ayuda al suicidio es querellable, por lo que era necesario que los herederos de A.C. presentaran querella, la cual no fue aportada al proceso.<\/li>\n<\/ul>\n<p style=\"text-align: justify;\">\n<ul>\n<li style=\"text-align: justify;\">Por \u00faltimo, se se\u00f1al\u00f3 que la acci\u00f3n penal respecto del delito de inducci\u00f3n o ayuda al suicidio se encontraba prescrita, toda vez que la decisi\u00f3n de segunda instancia se profiri\u00f3 con posterioridad al t\u00e9rmino se\u00f1alado en el art\u00edculo 83 de la Ley 599 de 2000. <strong><a href=\"https:\/\/cortesuprema.gov.co\/corte\/wp-content\/uploads\/relatorias\/pe\/b1feb2023\/SP005-2023(62158).pdf\">[SP005-2023(62158)]<\/a><\/strong><!--more--><br \/>\n<hr \/>\n[spiderpowa-pdf src=\u00bbhttps:\/\/cortesuprema.gov.co\/corte\/wp-content\/uploads\/relatorias\/pe\/b1feb2023\/SP005-2023(62158).pdf\u00bb]\n<hr \/>\n<p>Descargue el documento aqu\u00ed: <a href=\"https:\/\/cortesuprema.gov.co\/corte\/wp-content\/uploads\/relatorias\/pe\/b1feb2023\/SP005-2023(62158).pdf\" target=\"_blank\" rel=\"noopener noreferrer\">SP005-2023(62158).pdf<\/a><\/li>\n<\/ul>\n","protected":false},"excerpt":{"rendered":"<p>La Corte Suprema de Justicia decidi\u00f3 el recurso de casaci\u00f3n interpuesto por el apoderado de H.R.C., contra la sentencia proferida por el Tribunal Superior de Manizales, mediante la cual, confirm\u00f3 la decisi\u00f3n emitida por el Juzgado Segundo Penal del Circuito de la misma ciudad, condenando a las penas de cuatrocientos meses de prisi\u00f3n y de &hellip; <a href=\"https:\/\/cortesuprema.gov.co\/corte\/index.php\/2023\/03\/01\/casacion-la-corte-una-vez-admitida-la-demanda-entra-a-decidir-de-fondo\/\" class=\"more-link\">Continuar leyendo<span class=\"screen-reader-text\"> \u00abCASACI\u00d3N &#8211; La Corte una vez admitida la demanda entra a decidir de fondo\u00bb<\/span><\/a><\/p>\n","protected":false},"author":12,"featured_media":0,"comment_status":"closed","ping_status":"closed","sticky":false,"template":"","format":"standard","meta":{"footnotes":""},"categories":[68],"tags":[193,86,225,3046,3044,71,3045],"class_list":["post-56511","post","type-post","status-publish","format-standard","hentry","category-novedades","tag-casacion","tag-corte-suprema-de-justicia","tag-dr-jose-francisco-acuna-vizcaya","tag-dr-myriam-avila-roldan","tag-la-corte-una-vez-admitida-la-demanda-entra-a-decidir-de-fondo","tag-sala-penal","tag-sp005-202362158"],"_links":{"self":[{"href":"https:\/\/cortesuprema.gov.co\/corte\/index.php\/wp-json\/wp\/v2\/posts\/56511","targetHints":{"allow":["GET"]}}],"collection":[{"href":"https:\/\/cortesuprema.gov.co\/corte\/index.php\/wp-json\/wp\/v2\/posts"}],"about":[{"href":"https:\/\/cortesuprema.gov.co\/corte\/index.php\/wp-json\/wp\/v2\/types\/post"}],"author":[{"embeddable":true,"href":"https:\/\/cortesuprema.gov.co\/corte\/index.php\/wp-json\/wp\/v2\/users\/12"}],"replies":[{"embeddable":true,"href":"https:\/\/cortesuprema.gov.co\/corte\/index.php\/wp-json\/wp\/v2\/comments?post=56511"}],"version-history":[{"count":1,"href":"https:\/\/cortesuprema.gov.co\/corte\/index.php\/wp-json\/wp\/v2\/posts\/56511\/revisions"}],"predecessor-version":[{"id":56512,"href":"https:\/\/cortesuprema.gov.co\/corte\/index.php\/wp-json\/wp\/v2\/posts\/56511\/revisions\/56512"}],"wp:attachment":[{"href":"https:\/\/cortesuprema.gov.co\/corte\/index.php\/wp-json\/wp\/v2\/media?parent=56511"}],"wp:term":[{"taxonomy":"category","embeddable":true,"href":"https:\/\/cortesuprema.gov.co\/corte\/index.php\/wp-json\/wp\/v2\/categories?post=56511"},{"taxonomy":"post_tag","embeddable":true,"href":"https:\/\/cortesuprema.gov.co\/corte\/index.php\/wp-json\/wp\/v2\/tags?post=56511"}],"curies":[{"name":"wp","href":"https:\/\/api.w.org\/{rel}","templated":true}]}}