{"id":57695,"date":"2023-04-21T11:30:12","date_gmt":"2023-04-21T16:30:12","guid":{"rendered":"https:\/\/cortesuprema.gov.co\/corte\/?p=57695"},"modified":"2023-04-21T11:30:12","modified_gmt":"2023-04-21T16:30:12","slug":"principio-de-culpabilidad-concepto","status":"publish","type":"post","link":"https:\/\/cortesuprema.gov.co\/corte\/index.php\/2023\/04\/21\/principio-de-culpabilidad-concepto\/","title":{"rendered":"PRINCIPIO DE CULPABILIDAD\u00a0&#8211; Concepto"},"content":{"rendered":"<p>TEMAS:<\/p>\n<ul>\n<li style=\"text-align: justify;\"><strong>PRINCIPIO DE CULPABILIDAD<\/strong>\u00a0&#8211; Concepto<\/li>\n<li style=\"text-align: justify;\"><strong>PRINCIPIO DE CULPABILIDAD<\/strong> &#8211; Concepto: sentido amplio<\/li>\n<li style=\"text-align: justify;\"><strong>PRINCIPIO DE CULPABILIDAD<\/strong>\u00a0&#8211; Concepto: sentido estricto<\/li>\n<li style=\"text-align: justify;\"><strong>PRINCIPIO DE CULPABILIDAD<\/strong>\u00a0&#8211; Alcance<\/li>\n<li style=\"text-align: justify;\"><strong>PRINCIPIO DE CULPABILIDAD<\/strong>\u00a0&#8211; Concepto: sentido estricto, relaci\u00f3n con los principios constitucionales<\/li>\n<li style=\"text-align: justify;\"><strong>CAUSAL DE INCULPABILIDAD<\/strong>\u00a0&#8211; No exigibilidad de otra conducta<\/li>\n<li style=\"text-align: justify;\"><strong>CAUSAL DE INCULPABILIDAD<\/strong>\u00a0&#8211; No exigibilidad de otra conducta, fundamentos f\u00e1ctico y normativo<\/li>\n<li style=\"text-align: justify;\"><strong>CAUSAL DE INCULPABILIDAD<\/strong>\u00a0&#8211; No exigibilidad de otra conducta: car\u00e1cter excepcional<\/li>\n<li style=\"text-align: justify;\"><strong>ABANDONO DEL SERVICIO<\/strong>\u00a0&#8211; Demostraci\u00f3n<\/li>\n<li style=\"text-align: justify;\"><strong>CULPABILIDAD<\/strong>\u00a0&#8211; Demostraci\u00f3n<\/li>\n<li style=\"text-align: justify;\"><strong>CAUSAL DE INCULPABILIDAD<\/strong>\u00a0&#8211; No exigibilidad de otra conducta: demostraci\u00f3n<\/li>\n<li style=\"text-align: justify;\"><strong>CAUSAL DE INCULPABILIDAD<\/strong>\u00a0&#8211; No exigibilidad de otra conducta: se configura, afectaci\u00f3n emocional no tratada<\/li>\n<li style=\"text-align: justify;\"><strong>ABANDONO DEL SERVICIO<\/strong>\u00a0&#8211; No se configura<\/li>\n<\/ul>\n<p style=\"text-align: justify;\">La Corte Suprema de Justicia, resolvi\u00f3 el recurso de casaci\u00f3n interpuesto por el defensor de G.A.C.C. contra la sentencia dictada por el Tribunal Superior Militar y Policial, que confirm\u00f3 la condena contra el acusado por el delito de abandono del servicio.<\/p>\n<p style=\"text-align: justify;\">La Sala, cas\u00f3 la sentencia condenatoria impugnada, y en su lugar, absolvi\u00f3 al procesado del delito acusado.<\/p>\n<p style=\"text-align: justify;\">Para el efecto, la Corte realiz\u00f3 un an\u00e1lisis profundo del principio de culpabilidad y de las causales de inculpabilidad, con el fin de se\u00f1alar que, para el presente caso, se present\u00f3 un falso raciocinio, toda vez que no se configur\u00f3 el delito de abandono del servicio, por haberse presentado una causal de inculpabilidad, en raz\u00f3n de un grave estado motivacional no tratado y a quien no le era posible responsabilizarlo del punible. <strong><u><a href=\"https:\/\/cortesuprema.gov.co\/corte\/wp-content\/uploads\/relatorias\/pe\/b1mar2023\/SP055-2023(62542).pdf\">[SP055-2023(62542)]<\/a><\/u><\/strong><!--more--><\/p>\n<hr \/>\n[spiderpowa-pdf src=\u00bbhttps:\/\/cortesuprema.gov.co\/corte\/wp-content\/uploads\/relatorias\/pe\/b1mar2023\/SP055-2023(62542).pdf\u00bb]\n<hr \/>\n<p><strong>Descargue el documento aqu\u00ed: <a href=\"https:\/\/cortesuprema.gov.co\/corte\/wp-content\/uploads\/relatorias\/pe\/b1mar2023\/SP055-2023(62542).pdf\" target=\"_blank\" rel=\"noopener noreferrer\">SP055-2023(62542).pdf<\/a><\/strong><\/p>\n","protected":false},"excerpt":{"rendered":"<p>TEMAS: PRINCIPIO DE CULPABILIDAD\u00a0&#8211; Concepto PRINCIPIO DE CULPABILIDAD &#8211; Concepto: sentido amplio PRINCIPIO DE CULPABILIDAD\u00a0&#8211; Concepto: sentido estricto PRINCIPIO DE CULPABILIDAD\u00a0&#8211; Alcance PRINCIPIO DE CULPABILIDAD\u00a0&#8211; Concepto: sentido estricto, relaci\u00f3n con los principios constitucionales CAUSAL DE INCULPABILIDAD\u00a0&#8211; No exigibilidad de otra conducta CAUSAL DE INCULPABILIDAD\u00a0&#8211; No exigibilidad de otra conducta, fundamentos f\u00e1ctico y normativo CAUSAL DE &hellip; <a href=\"https:\/\/cortesuprema.gov.co\/corte\/index.php\/2023\/04\/21\/principio-de-culpabilidad-concepto\/\" class=\"more-link\">Continuar leyendo<span class=\"screen-reader-text\"> \u00abPRINCIPIO DE CULPABILIDAD\u00a0&#8211; Concepto\u00bb<\/span><\/a><\/p>\n","protected":false},"author":12,"featured_media":0,"comment_status":"closed","ping_status":"closed","sticky":false,"template":"","format":"standard","meta":{"footnotes":""},"categories":[68],"tags":[3137,3140,542,3136,3133,89,86,3138,808,2691,3135,3134,3139,2243,3129,3132,71,3130,3131,3141],"class_list":["post-57695","post","type-post","status-publish","format-standard","hentry","category-novedades","tag-abandono-del-servicio","tag-afectacion-emocional-no-tratada","tag-alcance","tag-caracter-excepcional","tag-causal-de-inculpabilidad","tag-concepto","tag-corte-suprema-de-justicia","tag-culpabilidad","tag-demostracion","tag-dra-myriam-avila-roldan","tag-fundamentos-factico-y-normativo","tag-no-exigibilidad-de-otra-conducta","tag-no-exigibilidad-de-otra-conducta-se-configura","tag-no-se-configura","tag-principio-de-culpabilidad","tag-relacion-con-los-principios-constitucionales","tag-sala-penal","tag-sentido-amplio","tag-sentido-estricto","tag-sp055-202362542"],"_links":{"self":[{"href":"https:\/\/cortesuprema.gov.co\/corte\/index.php\/wp-json\/wp\/v2\/posts\/57695","targetHints":{"allow":["GET"]}}],"collection":[{"href":"https:\/\/cortesuprema.gov.co\/corte\/index.php\/wp-json\/wp\/v2\/posts"}],"about":[{"href":"https:\/\/cortesuprema.gov.co\/corte\/index.php\/wp-json\/wp\/v2\/types\/post"}],"author":[{"embeddable":true,"href":"https:\/\/cortesuprema.gov.co\/corte\/index.php\/wp-json\/wp\/v2\/users\/12"}],"replies":[{"embeddable":true,"href":"https:\/\/cortesuprema.gov.co\/corte\/index.php\/wp-json\/wp\/v2\/comments?post=57695"}],"version-history":[{"count":1,"href":"https:\/\/cortesuprema.gov.co\/corte\/index.php\/wp-json\/wp\/v2\/posts\/57695\/revisions"}],"predecessor-version":[{"id":57696,"href":"https:\/\/cortesuprema.gov.co\/corte\/index.php\/wp-json\/wp\/v2\/posts\/57695\/revisions\/57696"}],"wp:attachment":[{"href":"https:\/\/cortesuprema.gov.co\/corte\/index.php\/wp-json\/wp\/v2\/media?parent=57695"}],"wp:term":[{"taxonomy":"category","embeddable":true,"href":"https:\/\/cortesuprema.gov.co\/corte\/index.php\/wp-json\/wp\/v2\/categories?post=57695"},{"taxonomy":"post_tag","embeddable":true,"href":"https:\/\/cortesuprema.gov.co\/corte\/index.php\/wp-json\/wp\/v2\/tags?post=57695"}],"curies":[{"name":"wp","href":"https:\/\/api.w.org\/{rel}","templated":true}]}}