{"id":58220,"date":"2023-05-05T14:07:59","date_gmt":"2023-05-05T19:07:59","guid":{"rendered":"https:\/\/cortesuprema.gov.co\/corte\/?p=58220"},"modified":"2023-05-05T14:07:59","modified_gmt":"2023-05-05T19:07:59","slug":"bienes-baldios-evolucion-normativa","status":"publish","type":"post","link":"https:\/\/cortesuprema.gov.co\/corte\/index.php\/2023\/05\/05\/bienes-baldios-evolucion-normativa\/","title":{"rendered":"BIENES BALD\u00cdOS\u00a0&#8211; Evoluci\u00f3n normativa"},"content":{"rendered":"<p>TEMAS:<\/p>\n<ul>\n<li style=\"text-align: justify;\"><strong>BIENES BALD\u00cdOS<\/strong>\u00a0&#8211; Evoluci\u00f3n normativa<\/li>\n<li style=\"text-align: justify;\"><strong>BIENES BALD\u00cdOS<\/strong> &#8211; Evoluci\u00f3n jurisprudencial<\/li>\n<li style=\"text-align: justify;\"><strong>BIENES BALD\u00cdOS<\/strong> &#8211; Regulaci\u00f3n: por medio de Acuerdo Distrital<\/li>\n<li style=\"text-align: justify;\"><strong>BIENES BALD\u00cdOS<\/strong> &#8211; Regulaci\u00f3n: por medio de Acuerdo Distrital, Programa de Bald\u00edos en Cartagena<\/li>\n<li style=\"text-align: justify;\"><strong>BIENES BALD\u00cdOS<\/strong> &#8211; Declaratoria<\/li>\n<li style=\"text-align: justify;\"><strong>ESCRITURA P\u00daBLICA<\/strong> &#8211; Concepto<\/li>\n<li style=\"text-align: justify;\"><strong>BIENES BALD\u00cdOS<\/strong> &#8211; Declaratoria: a trav\u00e9s de escritura p\u00fablica, no es de car\u00e1cter obligatoria<\/li>\n<li style=\"text-align: justify;\"><strong>BIENES DE USO P\u00daBLICO<\/strong> &#8211; Playa mar\u00edtima: Cartagena, sector El Laguito, formaci\u00f3n<\/li>\n<li style=\"text-align: justify;\"><strong>BIENES DE USO P\u00daBLICO<\/strong> &#8211; Playa mar\u00edtima: demostraci\u00f3n<\/li>\n<li style=\"text-align: justify;\"><strong>PRUEBA PERICIAL<\/strong> &#8211; Informe de oceanograf\u00eda f\u00edsica: apreciaci\u00f3n probatoria<\/li>\n<li style=\"text-align: justify;\"><strong>BIENES DE USO P\u00daBLICO<\/strong> &#8211; Caracter\u00edsticas: inalienabilidad, por objeto il\u00edcito<\/li>\n<li style=\"text-align: justify;\"><strong>CONTRATO SIN CUMPLIMIENTO DE REQUISITOS LEGALES<\/strong> &#8211; No se configura: cuando el bien objeto del contrato no es de uso p\u00fablico<\/li>\n<li style=\"text-align: justify;\"><strong>BIENES BALD\u00cdOS<\/strong> &#8211; Enajenaci\u00f3n de tierras adjudicadas: requisitos, aval\u00fao del bien<\/li>\n<li style=\"text-align: justify;\"><strong>CONTRATO SIN CUMPLIMIENTO DE REQUISITOS LEGALES<\/strong> &#8211; No se configura: cuando el bien bald\u00edo objeto del contrato es enajenado cumpliendo las disposiciones que lo regulan<\/li>\n<li style=\"text-align: justify;\"><strong>BIENES DE LA UNI\u00d3N<\/strong> &#8211; Naturaleza<\/li>\n<li style=\"text-align: justify;\"><strong>CONSTITUCI\u00d3N POL\u00cdTICA<\/strong> &#8211; Art\u00edculo 82: es deber del Estado velar por la protecci\u00f3n de la integridad del espacio p\u00fablico y por su destinaci\u00f3n al uso com\u00fan, el cual prevalece sobre el inter\u00e9s particular<\/li>\n<li style=\"text-align: justify;\"><strong>BIENES DE USO P\u00daBLICO<\/strong> &#8211; Caracter\u00edsticas: inalienabilidad: impide que pueda fijarse un valor<\/li>\n<li style=\"text-align: justify;\"><strong>BIENES DE USO P\u00daBLICO<\/strong> &#8211; No se configura<\/li>\n<\/ul>\n<p style=\"text-align: justify;\">La Corte Suprema de Justicia resolvi\u00f3 el recurso de impugnaci\u00f3n especial promovido por la bancada defensiva y el procesado de D.G.T.L. contra la sentencia proferida por el Sala Penal del Tribunal Superior de Cartagena, que conden\u00f3 por primera vez a J.C.P.F. y V.E.J., como coautores de los delitos de contrato sin cumplimiento de requisitos legales y peculado por apropiaci\u00f3n, a R.E.C.C. como c\u00f3mplice de este \u00faltimo punible, y a D.G.T.L. y L.\u00c9.R.P como intervinientes especiales del mismo.<\/p>\n<p style=\"text-align: justify;\">La Sala revoc\u00f3 la decisi\u00f3n de segunda instancia y en su lugar, confirm\u00f3 el fallo proferido por el Juzgado Segundo Promiscuo del Circuito de Turbaco, en cuanto absolvi\u00f3 a J.C.P.F. y V.E.J. por el delito de contrato sin cumplimiento de requisitos legales y peculado por apropiaci\u00f3n en favor de terceros, y a D.G.T.L., L.\u00c9.R.P. y R.E.C.C. por el delito de peculado por apropiaci\u00f3n en favor de terceros.<\/p>\n<p style=\"text-align: justify;\">Para ello, la Corte desarroll\u00f3 la teor\u00eda de los bienes de uso p\u00fablico, bienes bald\u00edos y la evoluci\u00f3n geogr\u00e1fica de las playas del sector El Laguito en la ciudad de Cartagena, con el fin de poder establecer si el objeto del contrato en cuesti\u00f3n, hab\u00eda reca\u00eddo sobre un bien de uso p\u00fablico.<\/p>\n<p style=\"text-align: justify;\">Al respecto, la Sala consider\u00f3 que de acuerdo a la valoraci\u00f3n probatoria, no se configur\u00f3 el delito de contrato sin cumplimiento de requisitos legales, toda vez que el bien objeto del contrato, es un bien bald\u00edo, el cual cumpli\u00f3 con las disposiciones requeridas para su enajenaci\u00f3n.<\/p>\n<p style=\"text-align: justify;\">De otro lado, en lo que respecta al delito de peculado por a propiciaci\u00f3n en favor de tercero, el ente acusador no logr\u00f3 desvirtuar la presunci\u00f3n de inocencia de los enjuiciados.\u00a0<strong><a href=\"https:\/\/cortesuprema.gov.co\/corte\/wp-content\/uploads\/relatorias\/pe\/b1abr2023\/SP082-2023(59994).pdf\" target=\"_blank\" rel=\"noopener noreferrer\">[SP082-2023(59994)]<\/a><\/strong><!--more--><\/p>\n<hr \/>\n[spiderpowa-pdf src=\u00bbhttps:\/\/cortesuprema.gov.co\/corte\/wp-content\/uploads\/relatorias\/pe\/b1abr2023\/SP082-2023(59994).pdf\u00bb]\n<hr \/>\n<p><strong>Descargue el documento aqu\u00ed: <a href=\"https:\/\/cortesuprema.gov.co\/corte\/wp-content\/uploads\/relatorias\/pe\/b1abr2023\/SP082-2023(59994).pdf\" target=\"_blank\" rel=\"noopener noreferrer\">SP082-2023(59994).pdf<\/a><\/strong><\/p>\n","protected":false},"excerpt":{"rendered":"<p>TEMAS: BIENES BALD\u00cdOS\u00a0&#8211; Evoluci\u00f3n normativa BIENES BALD\u00cdOS &#8211; Evoluci\u00f3n jurisprudencial BIENES BALD\u00cdOS &#8211; Regulaci\u00f3n: por medio de Acuerdo Distrital BIENES BALD\u00cdOS &#8211; Regulaci\u00f3n: por medio de Acuerdo Distrital, Programa de Bald\u00edos en Cartagena BIENES BALD\u00cdOS &#8211; Declaratoria ESCRITURA P\u00daBLICA &#8211; Concepto BIENES BALD\u00cdOS &#8211; Declaratoria: a trav\u00e9s de escritura p\u00fablica, no es de car\u00e1cter obligatoria &hellip; <a href=\"https:\/\/cortesuprema.gov.co\/corte\/index.php\/2023\/05\/05\/bienes-baldios-evolucion-normativa\/\" class=\"more-link\">Continuar leyendo<span class=\"screen-reader-text\"> \u00abBIENES BALD\u00cdOS\u00a0&#8211; Evoluci\u00f3n normativa\u00bb<\/span><\/a><\/p>\n","protected":false},"author":12,"featured_media":0,"comment_status":"closed","ping_status":"closed","sticky":false,"template":"","format":"standard","meta":{"footnotes":""},"categories":[68],"tags":[3164,86,2316,3165,71,3166],"class_list":["post-58220","post","type-post","status-publish","format-standard","hentry","category-novedades","tag-bienes-baldios","tag-corte-suprema-de-justicia","tag-dr-gerson-chaverra-castro","tag-evolucion-normativa","tag-sala-penal","tag-sp082-202359994"],"_links":{"self":[{"href":"https:\/\/cortesuprema.gov.co\/corte\/index.php\/wp-json\/wp\/v2\/posts\/58220","targetHints":{"allow":["GET"]}}],"collection":[{"href":"https:\/\/cortesuprema.gov.co\/corte\/index.php\/wp-json\/wp\/v2\/posts"}],"about":[{"href":"https:\/\/cortesuprema.gov.co\/corte\/index.php\/wp-json\/wp\/v2\/types\/post"}],"author":[{"embeddable":true,"href":"https:\/\/cortesuprema.gov.co\/corte\/index.php\/wp-json\/wp\/v2\/users\/12"}],"replies":[{"embeddable":true,"href":"https:\/\/cortesuprema.gov.co\/corte\/index.php\/wp-json\/wp\/v2\/comments?post=58220"}],"version-history":[{"count":1,"href":"https:\/\/cortesuprema.gov.co\/corte\/index.php\/wp-json\/wp\/v2\/posts\/58220\/revisions"}],"predecessor-version":[{"id":58221,"href":"https:\/\/cortesuprema.gov.co\/corte\/index.php\/wp-json\/wp\/v2\/posts\/58220\/revisions\/58221"}],"wp:attachment":[{"href":"https:\/\/cortesuprema.gov.co\/corte\/index.php\/wp-json\/wp\/v2\/media?parent=58220"}],"wp:term":[{"taxonomy":"category","embeddable":true,"href":"https:\/\/cortesuprema.gov.co\/corte\/index.php\/wp-json\/wp\/v2\/categories?post=58220"},{"taxonomy":"post_tag","embeddable":true,"href":"https:\/\/cortesuprema.gov.co\/corte\/index.php\/wp-json\/wp\/v2\/tags?post=58220"}],"curies":[{"name":"wp","href":"https:\/\/api.w.org\/{rel}","templated":true}]}}