{"id":58249,"date":"2023-05-08T09:09:27","date_gmt":"2023-05-08T14:09:27","guid":{"rendered":"https:\/\/cortesuprema.gov.co\/corte\/?p=58249"},"modified":"2023-05-08T09:09:27","modified_gmt":"2023-05-08T14:09:27","slug":"concierto-para-delinquir-agravado-con-fines-de-desplazamiento-forzado","status":"publish","type":"post","link":"https:\/\/cortesuprema.gov.co\/corte\/index.php\/2023\/05\/08\/concierto-para-delinquir-agravado-con-fines-de-desplazamiento-forzado\/","title":{"rendered":"CONCIERTO PARA DELINQUIR\u00a0&#8211; Agravado: con fines de desplazamiento forzado"},"content":{"rendered":"<p>TEMAS:<\/p>\n<ul>\n<li style=\"text-align: justify;\"><strong>CONCIERTO PARA DELINQUIR<\/strong>\u00a0&#8211; Agravado: con fines de desplazamiento forzado<\/li>\n<li style=\"text-align: justify;\"><strong>DESPLAZAMIENTO FORZADO<\/strong>\u00a0&#8211; Elementos: sujeto activo, indeterminado<\/li>\n<li style=\"text-align: justify;\"><strong>DESPLAZAMIENTO FORZADO<\/strong>\u00a0&#8211; Configuraci\u00f3n: la violencia puede ser moral o f\u00edsica<\/li>\n<li style=\"text-align: justify;\"><strong>DESPLAZAMIENTO FORZADO<\/strong>\u00a0&#8211; Elementos: lugar de residencia, concepto<\/li>\n<li style=\"text-align: justify;\"><strong>DESPLAZAMIENTO FORZADO<\/strong>\u00a0&#8211; Marco jur\u00eddico internacional<\/li>\n<li style=\"text-align: justify;\"><strong>DESPLAZAMIENTO FORZADO<\/strong>\u00a0&#8211; Concepto: bloque de constitucionalidad<\/li>\n<li style=\"text-align: justify;\"><strong>DESPLAZAMIENTO FORZADO<\/strong>\u00a0&#8211; Concepto: se debe acoger la interpretaci\u00f3n m\u00e1s favorable<\/li>\n<li style=\"text-align: justify;\"><strong>DESPLAZAMIENTO FORZADO<\/strong>\u00a0&#8211; Delito pluriofensivo<\/li>\n<li style=\"text-align: justify;\"><strong>DESPLAZAMIENTO FORZADO<\/strong>\u00a0&#8211; Delito de car\u00e1cter permanente: no permitir el retorno a los predios<\/li>\n<li style=\"text-align: justify;\"><strong>DESPLAZAMIENTO FORZADO<\/strong>\u00a0&#8211; Excepci\u00f3n<\/li>\n<li style=\"text-align: justify;\"><strong>PRESCRIPCI\u00d3N<\/strong>\u00a0&#8211; Concierto para delinquir agravado: con fines de desplazamiento forzado, termino a tener en cuenta, desde el momento en que este probado que el sujeto dejo de participar del acuerdo<\/li>\n<li style=\"text-align: justify;\"><strong>DOBLE CONFORMIDAD<\/strong>\u00a0&#8211; Sentencia: se decreta la nulidad parcial, por prescripci\u00f3n de uno de los delitos<\/li>\n<li style=\"text-align: justify;\"><strong>CONSTRE\u00d1IMIENTO ILEGAL<\/strong>\u00a0&#8211; Bien jur\u00eddico tutelado<\/li>\n<li style=\"text-align: justify;\"><strong>CONSTRE\u00d1IMIENTO ILEGAL<\/strong>\u00a0&#8211; Diferente al desplazamiento forzado<\/li>\n<li style=\"text-align: justify;\"><strong>ACCI\u00d3N POLICIVA<\/strong>\u00a0&#8211; Especial: ejercicio de las propias razones, requisitos<\/li>\n<li style=\"text-align: justify;\"><strong>ACCI\u00d3N POLICIVA<\/strong>\u00a0&#8211; Especial: ejercicio de las propias razones, no se configura<\/li>\n<li style=\"text-align: justify;\"><strong>ACCI\u00d3N POLICIVA<\/strong>\u00a0&#8211; Finalidad: sirve para restablecer el statu quo y promover acciones reivindicatorias<\/li>\n<li style=\"text-align: justify;\"><strong>DESPLAZAMIENTO FORZADO<\/strong>\u00a0&#8211; Configuraci\u00f3n: puede incurrir en el delito, el propietario del bien inmueble del cual son desplazadas las personas<\/li>\n<li style=\"text-align: justify;\"><strong>DESPLAZAMIENTO FORZADO<\/strong>\u00a0&#8211; Configuraci\u00f3n: el propietario del bien inmueble que utiliza la violencia, las amenazas e intimidaci\u00f3n para despojar a los poseedores<\/li>\n<li style=\"text-align: justify;\"><strong>DESPLAZAMIENTO FORZADO<\/strong>\u00a0&#8211; Delito com\u00fan<\/li>\n<li style=\"text-align: justify;\"><strong>DESPLAZAMIENTO FORZADO<\/strong>\u00a0&#8211; Elementos: violencia, alcance<\/li>\n<li style=\"text-align: justify;\"><strong>DESPLAZAMIENTO FORZADO<\/strong>\u00a0&#8211; Delito pluriofensivo<\/li>\n<li style=\"text-align: justify;\"><strong>PARAMILITARISMO<\/strong>\u00a0&#8211; Pertenec\u00eda al grupo: demostraci\u00f3n<\/li>\n<li style=\"text-align: justify;\"><strong>PARAMILITARISMO<\/strong>\u00a0&#8211; Pertenec\u00eda al grupo: no hacer parte del proceso de justicia y paz no niega esa condici\u00f3n<\/li>\n<li style=\"text-align: justify;\"><strong>PARAMILITARISMO<\/strong>\u00a0&#8211; Pertenec\u00eda al grupo: no tener antecedentes no niega esa condici\u00f3n<\/li>\n<\/ul>\n<p style=\"text-align: justify;\">La Corte Suprema de Justicia resolvi\u00f3 la impugnaci\u00f3n especial interpuesta por los defensores de G.J.S.M. y M.M.M., contra la sentencia proferida por el Tribunal Superior de Cartagena, mediante la cual revoc\u00f3 parcialmente la absoluci\u00f3n que hab\u00eda dispuesto el Juzgado 2\u00b0 Penal del Circuito Especializado de la misma ciudad, y en su reemplaz\u00f3 los conden\u00f3 como coautores de los delitos de concierto para delinquir agravado y desplazamiento forzado.<\/p>\n<p style=\"text-align: justify;\">En esta ocasi\u00f3n, la Sala declar\u00f3 nula parcialmente la actuaci\u00f3n a partir de la resoluci\u00f3n de acusaci\u00f3n inclusive, por hallarse prescrita la acci\u00f3n penal por el delito de concierto para delinquir con fines de desplazamiento, por lo cual dispuso la cesaci\u00f3n del procedimiento adelantado a S.M. por el mencionado hecho punible.<\/p>\n<p style=\"text-align: justify;\">Por otra parte, confirm\u00f3 parcialmente la sentencia de segunda instancia, que conden\u00f3 a G.J.S.M. del delito de desplazamiento forzado y a M.M.M. de los delitos de desplazamiento forzado y concierto para delinquir con fines de desplazamiento forzado. As\u00ed como, modific\u00f3 la pena impuesta S.M., fij\u00e1ndola en noventa (90) meses de prisi\u00f3n, multa de setecientos (700) salarios m\u00ednimos mensuales vigentes e interdicci\u00f3n de derechos y funciones p\u00fablicas por un per\u00edodo igual a la pena privativa impuesta.<\/p>\n<p style=\"text-align: justify;\">Lo anterior, por cuanto una vez se precisaron los elementos del delito de concierto para delinquir agravado con fines desplazamiento forzado y el t\u00e9rmino de prescripci\u00f3n del mismo, se se\u00f1al\u00f3 que, las decisiones de instancia se hab\u00edan proferido vencido el tiempo para el ejercicio de la potestad punitiva del Estado.<\/p>\n<p style=\"text-align: justify;\">De otro lado, la Sala consider\u00f3 que, se configura el delito de desplazamiento forzado cuando el propietario del bien inmueble utiliza la violencia, las amenazas e intimidaci\u00f3n para despojar a los poseedores del predio, teniendo las acciones policivas pertinentes para lograr su desalojo.\u00a0<strong><u><a href=\"https:\/\/cortesuprema.gov.co\/corte\/wp-content\/uploads\/relatorias\/pe\/b1abr2023\/SP092-2023(61717).pdf\" target=\"_blank\" rel=\"noopener noreferrer\">[SP092-2023(61717)]<\/a><\/u><\/strong><!--more--><\/p>\n<hr \/>\n[spiderpowa-pdf src=\u00bbhttps:\/\/cortesuprema.gov.co\/corte\/wp-content\/uploads\/relatorias\/pe\/b1abr2023\/SP092-2023(61717).pdf\u00bb]\n<hr \/>\n<p><strong>Descargue el documento aqu\u00ed: <u><a href=\"https:\/\/cortesuprema.gov.co\/corte\/wp-content\/uploads\/relatorias\/pe\/b1abr2023\/SP092-2023(61717).pdf\" target=\"_blank\" rel=\"noopener noreferrer\">SP092-2023(61717).pdf<\/a><\/u><\/strong><\/p>\n","protected":false},"excerpt":{"rendered":"<p>TEMAS: CONCIERTO PARA DELINQUIR\u00a0&#8211; Agravado: con fines de desplazamiento forzado DESPLAZAMIENTO FORZADO\u00a0&#8211; Elementos: sujeto activo, indeterminado DESPLAZAMIENTO FORZADO\u00a0&#8211; Configuraci\u00f3n: la violencia puede ser moral o f\u00edsica DESPLAZAMIENTO FORZADO\u00a0&#8211; Elementos: lugar de residencia, concepto DESPLAZAMIENTO FORZADO\u00a0&#8211; Marco jur\u00eddico internacional DESPLAZAMIENTO FORZADO\u00a0&#8211; Concepto: bloque de constitucionalidad DESPLAZAMIENTO FORZADO\u00a0&#8211; Concepto: se debe acoger la interpretaci\u00f3n m\u00e1s favorable DESPLAZAMIENTO &hellip; <a href=\"https:\/\/cortesuprema.gov.co\/corte\/index.php\/2023\/05\/08\/concierto-para-delinquir-agravado-con-fines-de-desplazamiento-forzado\/\" class=\"more-link\">Continuar leyendo<span class=\"screen-reader-text\"> \u00abCONCIERTO PARA DELINQUIR\u00a0&#8211; Agravado: con fines de desplazamiento forzado\u00bb<\/span><\/a><\/p>\n","protected":false},"author":12,"featured_media":0,"comment_status":"closed","ping_status":"closed","sticky":false,"template":"","format":"standard","meta":{"footnotes":""},"categories":[68],"tags":[2378,3172,527,86,2316,71,3173],"class_list":["post-58249","post","type-post","status-publish","format-standard","hentry","category-novedades","tag-agravado","tag-con-fines-de-desplazamiento-forzado","tag-concierto-para-delinquir","tag-corte-suprema-de-justicia","tag-dr-gerson-chaverra-castro","tag-sala-penal","tag-sp092-202361717"],"_links":{"self":[{"href":"https:\/\/cortesuprema.gov.co\/corte\/index.php\/wp-json\/wp\/v2\/posts\/58249","targetHints":{"allow":["GET"]}}],"collection":[{"href":"https:\/\/cortesuprema.gov.co\/corte\/index.php\/wp-json\/wp\/v2\/posts"}],"about":[{"href":"https:\/\/cortesuprema.gov.co\/corte\/index.php\/wp-json\/wp\/v2\/types\/post"}],"author":[{"embeddable":true,"href":"https:\/\/cortesuprema.gov.co\/corte\/index.php\/wp-json\/wp\/v2\/users\/12"}],"replies":[{"embeddable":true,"href":"https:\/\/cortesuprema.gov.co\/corte\/index.php\/wp-json\/wp\/v2\/comments?post=58249"}],"version-history":[{"count":1,"href":"https:\/\/cortesuprema.gov.co\/corte\/index.php\/wp-json\/wp\/v2\/posts\/58249\/revisions"}],"predecessor-version":[{"id":58252,"href":"https:\/\/cortesuprema.gov.co\/corte\/index.php\/wp-json\/wp\/v2\/posts\/58249\/revisions\/58252"}],"wp:attachment":[{"href":"https:\/\/cortesuprema.gov.co\/corte\/index.php\/wp-json\/wp\/v2\/media?parent=58249"}],"wp:term":[{"taxonomy":"category","embeddable":true,"href":"https:\/\/cortesuprema.gov.co\/corte\/index.php\/wp-json\/wp\/v2\/categories?post=58249"},{"taxonomy":"post_tag","embeddable":true,"href":"https:\/\/cortesuprema.gov.co\/corte\/index.php\/wp-json\/wp\/v2\/tags?post=58249"}],"curies":[{"name":"wp","href":"https:\/\/api.w.org\/{rel}","templated":true}]}}