{"id":59853,"date":"2023-06-30T09:12:24","date_gmt":"2023-06-30T14:12:24","guid":{"rendered":"https:\/\/cortesuprema.gov.co\/corte\/?p=59853"},"modified":"2023-06-30T09:12:24","modified_gmt":"2023-06-30T14:12:24","slug":"proxenetismo-con-menor-de-edad-marco-normativo","status":"publish","type":"post","link":"https:\/\/cortesuprema.gov.co\/corte\/index.php\/2023\/06\/30\/proxenetismo-con-menor-de-edad-marco-normativo\/","title":{"rendered":"PROXENETISMO CON MENOR DE EDAD\u00a0&#8211; Marco Normativo"},"content":{"rendered":"<p><strong>Temas:<\/strong><\/p>\n<ul>\n<li style=\"text-align: justify;\"><strong>PROXENETISMO CON MENOR DE EDAD<\/strong>\u00a0&#8211; Marco Normativo<\/li>\n<li style=\"text-align: justify;\"><strong>PROXENETISMO CON MENOR DE EDAD<\/strong>\u00a0&#8211; Debe entenderse como un delito de inducci\u00f3n a la prostituci\u00f3n<\/li>\n<li style=\"text-align: justify;\"><strong>PROCESO PENAL<\/strong>\u00a0&#8211; Principio de progresividad: cambios en la calificaci\u00f3n jur\u00eddica de la conducta en la medida que el proceso avanza<\/li>\n<li style=\"text-align: justify;\"><strong>SISTEMA PENAL ACUSATORIO<\/strong>\u00a0&#8211; Declaraciones rendidas antes del juicio: testimonio adjunto, requisitos<\/li>\n<li style=\"text-align: justify;\"><strong>INHABILITACI\u00d3N PARA EL EJERCICIO DE DERECHOS Y FUNCIONES P\u00daBLICAS<\/strong>\u00a0&#8211; M\u00e1ximo Ley 599<\/li>\n<\/ul>\n<p style=\"text-align: justify;\">La Corte Suprema de Justicia decidi\u00f3 el recurso de casaci\u00f3n interpuesto por la defensa de C.E.P.C. contra la sentencia que profiriera el Tribunal Superior de Sincelejo, revocatoria de la emitida por el Juzgado Segundo Promiscuo del Circuito de Corozal (Sucre), para en su lugar, condenar a la procesada a t\u00edtulo de autora responsable de los delitos de acceso carnal abusivo con menor de catorce a\u00f1os y proxenetismo con menor de edad.<\/p>\n<p style=\"text-align: justify;\">En esta ocasi\u00f3n, la Sala no cas\u00f3 la sentencia de segunda instancia y confirm\u00f3 la decisi\u00f3n proferida por la Sala Penal del Tribunal Superior de Sincelejo que, por primera vez, conden\u00f3 a C.E.P.C.<\/p>\n<p style=\"text-align: justify;\">Sin embargo, cas\u00f3 de oficio y parcialmente la providencia impugnada, \u00fanica y exclusivamente en el sentido de fijar la pena de inhabilitaci\u00f3n para el ejercicio de derechos y funciones p\u00fablicas impuesta, por un periodo de 20 a\u00f1os.<\/p>\n<p style=\"text-align: justify;\">Fue as\u00ed como, la Corte analiz\u00f3 el marco normativo y los elementos de los delitos de proxenetismo con menor de edad y acceso carnal abusivo con menor de 14 a\u00f1os.<\/p>\n<p style=\"text-align: justify;\">Tambi\u00e9n record\u00f3 que, en virtud del principio de progresividad, es posible la variaci\u00f3n de la calificaci\u00f3n jur\u00eddica provisoria en el modelo procedimental de la Ley 906 de 2004; sin perjuicio de lo cual, llam\u00f3 la atenci\u00f3n acerca de que la conducta punible de acceso carnal violento agravado, pese a haber sido imputada a la procesada y aparecer descrita en el escrito de acusaci\u00f3n, no fue ratificada en la diligencia respectiva, ni fue objeto de debate en la etapa de juzgamiento; situaci\u00f3n que no pudo ser corregida, en sede de casaci\u00f3n, por estar ad portas la prescripci\u00f3n de la acci\u00f3n penal, sumada la prohibici\u00f3n de la reforma en perjuicio de la \u00fanica parte impugnante.<\/p>\n<p style=\"text-align: justify;\">Aunado a lo anterior, dando aplicaci\u00f3n a la noci\u00f3n de testimonio adjunto, reiter\u00f3 los presupuestos para la utilizaci\u00f3n de declaraciones anteriores incompatibles con lo revelado por el testigo en el juicio oral.\u00a0<strong><u><a href=\"https:\/\/cortesuprema.gov.co\/corte\/wp-content\/uploads\/relatorias\/pe\/b1jun2023\/SP164-2023(53259).pdf\" target=\"_blank\" rel=\"noopener noreferrer\">[SP164-2023(53259)]<\/a><\/u><\/strong><!--more--><\/p>\n<hr \/>\n[spiderpowa-pdf src=\u00bbhttps:\/\/cortesuprema.gov.co\/corte\/wp-content\/uploads\/relatorias\/pe\/b1jun2023\/SP164-2023(53259).pdf\u00bb]\n<hr \/>\n<p><strong>Descargue el documento aqu\u00ed: <a href=\"https:\/\/cortesuprema.gov.co\/corte\/wp-content\/uploads\/relatorias\/pe\/b1jun2023\/SP164-2023(53259).pdf\" target=\"_blank\" rel=\"noopener noreferrer\">SP164-2023(53259).pdf<\/a><\/strong><\/p>\n","protected":false},"excerpt":{"rendered":"<p>Temas: PROXENETISMO CON MENOR DE EDAD\u00a0&#8211; Marco Normativo PROXENETISMO CON MENOR DE EDAD\u00a0&#8211; Debe entenderse como un delito de inducci\u00f3n a la prostituci\u00f3n PROCESO PENAL\u00a0&#8211; Principio de progresividad: cambios en la calificaci\u00f3n jur\u00eddica de la conducta en la medida que el proceso avanza SISTEMA PENAL ACUSATORIO\u00a0&#8211; Declaraciones rendidas antes del juicio: testimonio adjunto, requisitos INHABILITACI\u00d3N &hellip; <a href=\"https:\/\/cortesuprema.gov.co\/corte\/index.php\/2023\/06\/30\/proxenetismo-con-menor-de-edad-marco-normativo\/\" class=\"more-link\">Continuar leyendo<span class=\"screen-reader-text\"> \u00abPROXENETISMO CON MENOR DE EDAD\u00a0&#8211; Marco Normativo\u00bb<\/span><\/a><\/p>\n","protected":false},"author":12,"featured_media":0,"comment_status":"closed","ping_status":"closed","sticky":false,"template":"","format":"standard","meta":{"footnotes":""},"categories":[68],"tags":[86,2341,3209,1376,71,3210],"class_list":["post-59853","post","type-post","status-publish","format-standard","hentry","category-novedades","tag-corte-suprema-de-justicia","tag-dr-hugo-quintero-bernate","tag-marco-normativo","tag-proxenetismo-con-menor-de-edad","tag-sala-penal","tag-sp164-202353259"],"_links":{"self":[{"href":"https:\/\/cortesuprema.gov.co\/corte\/index.php\/wp-json\/wp\/v2\/posts\/59853","targetHints":{"allow":["GET"]}}],"collection":[{"href":"https:\/\/cortesuprema.gov.co\/corte\/index.php\/wp-json\/wp\/v2\/posts"}],"about":[{"href":"https:\/\/cortesuprema.gov.co\/corte\/index.php\/wp-json\/wp\/v2\/types\/post"}],"author":[{"embeddable":true,"href":"https:\/\/cortesuprema.gov.co\/corte\/index.php\/wp-json\/wp\/v2\/users\/12"}],"replies":[{"embeddable":true,"href":"https:\/\/cortesuprema.gov.co\/corte\/index.php\/wp-json\/wp\/v2\/comments?post=59853"}],"version-history":[{"count":1,"href":"https:\/\/cortesuprema.gov.co\/corte\/index.php\/wp-json\/wp\/v2\/posts\/59853\/revisions"}],"predecessor-version":[{"id":59854,"href":"https:\/\/cortesuprema.gov.co\/corte\/index.php\/wp-json\/wp\/v2\/posts\/59853\/revisions\/59854"}],"wp:attachment":[{"href":"https:\/\/cortesuprema.gov.co\/corte\/index.php\/wp-json\/wp\/v2\/media?parent=59853"}],"wp:term":[{"taxonomy":"category","embeddable":true,"href":"https:\/\/cortesuprema.gov.co\/corte\/index.php\/wp-json\/wp\/v2\/categories?post=59853"},{"taxonomy":"post_tag","embeddable":true,"href":"https:\/\/cortesuprema.gov.co\/corte\/index.php\/wp-json\/wp\/v2\/tags?post=59853"}],"curies":[{"name":"wp","href":"https:\/\/api.w.org\/{rel}","templated":true}]}}