{"id":59859,"date":"2023-06-30T09:38:15","date_gmt":"2023-06-30T14:38:15","guid":{"rendered":"https:\/\/cortesuprema.gov.co\/corte\/?p=59859"},"modified":"2023-06-30T09:38:15","modified_gmt":"2023-06-30T14:38:15","slug":"principio-de-congruencia-acusacion-y-sentencia-variacion-de-la-calificacion-en-la-sentencia-de-acceso-carnal-abusivo-con-menor-de-14-anos-agravado-a-acceso-carnal-violento-agravado","status":"publish","type":"post","link":"https:\/\/cortesuprema.gov.co\/corte\/index.php\/2023\/06\/30\/principio-de-congruencia-acusacion-y-sentencia-variacion-de-la-calificacion-en-la-sentencia-de-acceso-carnal-abusivo-con-menor-de-14-anos-agravado-a-acceso-carnal-violento-agravado\/","title":{"rendered":"PRINCIPIO DE CONGRUENCIA\u00a0&#8211; Acusaci\u00f3n y sentencia: variaci\u00f3n de la calificaci\u00f3n en la sentencia, de acceso carnal abusivo con menor de 14 a\u00f1os agravado a acceso carnal violento agravado"},"content":{"rendered":"<p><strong>Temas:<\/strong><\/p>\n<ul>\n<li style=\"text-align: justify;\"><strong>PRINCIPIO DE CONGRUENCIA<\/strong>\u00a0&#8211; Acusaci\u00f3n y sentencia: variaci\u00f3n de la calificaci\u00f3n en la sentencia, de acceso carnal abusivo con menor de 14 a\u00f1os agravado a acceso carnal violento agravado<\/li>\n<li style=\"text-align: justify;\"><strong>PRINCIPIO DE CONGRUENCIA<\/strong>\u00a0&#8211; Acusaci\u00f3n y sentencia: al estudiar la posibilidad de emitir condena por un delito de menor entidad, no debe tomarse como \u00fanica consideraci\u00f3n el monto de la pena privativa de la libertad prevista por el legislador<\/li>\n<\/ul>\n<p style=\"text-align: justify;\">La Sala de Casaci\u00f3n Penal se pronunci\u00f3 oficiosamente sobre la posible vulneraci\u00f3n del principio de congruencia, con ocasi\u00f3n de la sentencia emitida por el Tribunal Superior del Distrito Judicial de Bogot\u00e1, mediante la cual confirm\u00f3 la emitida por el Juzgado 30 Penal del Circuito de la misma ciudad, que conden\u00f3 al acusado como coautor de acceso carnal violento agravado y autor de acto sexual abusivo con menor de 14 a\u00f1os agravado.<\/p>\n<p style=\"text-align: justify;\">Como consecuencia de lo anterior, declar\u00f3 a A.A.V.M. coautor responsable del delito de acceso carnal abusivo con menor de catorce a\u00f1os agravado, en lugar de coautor responsable del delito de acceso carnal violento agravado.<\/p>\n<p style=\"text-align: justify;\">Lo anterior por cuanto, a juicio de la Sala, la variaci\u00f3n de la calificaci\u00f3n jur\u00eddica hecha por el juzgador, del delito de acceso carnal violento agravado, en lugar del de acceso carnal abusivo con menor de 14 a\u00f1os agravado, que fuera objeto de acusaci\u00f3n, no se realiz\u00f3 con observancia de las reglas jurisprudenciales que rigen la materia; toda vez que, aunque se mantuvo el n\u00facleo f\u00e1ctico de la imputaci\u00f3n y no se advierte indefensi\u00f3n, se modific\u00f3 la calificaci\u00f3n jur\u00eddica por un delito que no puede ser considerado de menor o igual entidad, aunque tengan se\u00f1alada la misma pena.\u00a0<strong><u><a href=\"https:\/\/cortesuprema.gov.co\/corte\/wp-content\/uploads\/relatorias\/pe\/b1jun2023\/SP209-2023(56244).pdf\">[SP209-2023(56244)]<\/a><\/u><\/strong><!--more--><\/p>\n<hr \/>\n[spiderpowa-pdf src=\u00bbhttps:\/\/cortesuprema.gov.co\/corte\/wp-content\/uploads\/relatorias\/pe\/b1jun2023\/SP209-2023(56244).pdf\u00bb]\n<hr \/>\n<p><strong>Descargue el documento aqu\u00ed: <a href=\"https:\/\/cortesuprema.gov.co\/corte\/wp-content\/uploads\/relatorias\/pe\/b1jun2023\/SP209-2023(56244).pdf\" target=\"_blank\" rel=\"noopener noreferrer\">SP209-2023(56244).pdf<\/a><\/strong><\/p>\n","protected":false},"excerpt":{"rendered":"<p>Temas: PRINCIPIO DE CONGRUENCIA\u00a0&#8211; Acusaci\u00f3n y sentencia: variaci\u00f3n de la calificaci\u00f3n en la sentencia, de acceso carnal abusivo con menor de 14 a\u00f1os agravado a acceso carnal violento agravado PRINCIPIO DE CONGRUENCIA\u00a0&#8211; Acusaci\u00f3n y sentencia: al estudiar la posibilidad de emitir condena por un delito de menor entidad, no debe tomarse como \u00fanica consideraci\u00f3n el &hellip; <a href=\"https:\/\/cortesuprema.gov.co\/corte\/index.php\/2023\/06\/30\/principio-de-congruencia-acusacion-y-sentencia-variacion-de-la-calificacion-en-la-sentencia-de-acceso-carnal-abusivo-con-menor-de-14-anos-agravado-a-acceso-carnal-violento-agravado\/\" class=\"more-link\">Continuar leyendo<span class=\"screen-reader-text\"> \u00abPRINCIPIO DE CONGRUENCIA\u00a0&#8211; Acusaci\u00f3n y sentencia: variaci\u00f3n de la calificaci\u00f3n en la sentencia, de acceso carnal abusivo con menor de 14 a\u00f1os agravado a acceso carnal violento agravado\u00bb<\/span><\/a><\/p>\n","protected":false},"author":12,"featured_media":0,"comment_status":"closed","ping_status":"closed","sticky":false,"template":"","format":"standard","meta":{"footnotes":""},"categories":[68],"tags":[3215,86,3217,2386,433,71,3218,3216],"class_list":["post-59859","post","type-post","status-publish","format-standard","hentry","category-novedades","tag-acusacion-y-sentencia","tag-corte-suprema-de-justicia","tag-de-acceso-carnal-abusivo-con-menor-de-14-anos-agravado-a-acceso-carnal-violento-agravado","tag-dr-fabio-ospitia-garzon","tag-principio-de-congruencia","tag-sala-penal","tag-sp209-202356244","tag-variacion-de-la-calificacion-en-la-sentencia"],"_links":{"self":[{"href":"https:\/\/cortesuprema.gov.co\/corte\/index.php\/wp-json\/wp\/v2\/posts\/59859","targetHints":{"allow":["GET"]}}],"collection":[{"href":"https:\/\/cortesuprema.gov.co\/corte\/index.php\/wp-json\/wp\/v2\/posts"}],"about":[{"href":"https:\/\/cortesuprema.gov.co\/corte\/index.php\/wp-json\/wp\/v2\/types\/post"}],"author":[{"embeddable":true,"href":"https:\/\/cortesuprema.gov.co\/corte\/index.php\/wp-json\/wp\/v2\/users\/12"}],"replies":[{"embeddable":true,"href":"https:\/\/cortesuprema.gov.co\/corte\/index.php\/wp-json\/wp\/v2\/comments?post=59859"}],"version-history":[{"count":1,"href":"https:\/\/cortesuprema.gov.co\/corte\/index.php\/wp-json\/wp\/v2\/posts\/59859\/revisions"}],"predecessor-version":[{"id":59860,"href":"https:\/\/cortesuprema.gov.co\/corte\/index.php\/wp-json\/wp\/v2\/posts\/59859\/revisions\/59860"}],"wp:attachment":[{"href":"https:\/\/cortesuprema.gov.co\/corte\/index.php\/wp-json\/wp\/v2\/media?parent=59859"}],"wp:term":[{"taxonomy":"category","embeddable":true,"href":"https:\/\/cortesuprema.gov.co\/corte\/index.php\/wp-json\/wp\/v2\/categories?post=59859"},{"taxonomy":"post_tag","embeddable":true,"href":"https:\/\/cortesuprema.gov.co\/corte\/index.php\/wp-json\/wp\/v2\/tags?post=59859"}],"curies":[{"name":"wp","href":"https:\/\/api.w.org\/{rel}","templated":true}]}}