{"id":60680,"date":"2023-08-08T12:16:24","date_gmt":"2023-08-08T17:16:24","guid":{"rendered":"https:\/\/cortesuprema.gov.co\/corte\/?p=60680"},"modified":"2023-08-08T12:16:24","modified_gmt":"2023-08-08T17:16:24","slug":"ley-penal-aplicacion-extraterritorial-al-nacional-que-se-encuentre-en-colombia-despues-de-haber-cometido-un-delito-en-territorio-extranjero-cuando-la-ley-lo-sancione-con-pena-privativa-de-la-liber","status":"publish","type":"post","link":"https:\/\/cortesuprema.gov.co\/corte\/index.php\/2023\/08\/08\/ley-penal-aplicacion-extraterritorial-al-nacional-que-se-encuentre-en-colombia-despues-de-haber-cometido-un-delito-en-territorio-extranjero-cuando-la-ley-lo-sancione-con-pena-privativa-de-la-liber\/","title":{"rendered":"LEY PENAL &#8211; Aplicaci\u00f3n extraterritorial: al nacional que se encuentre en Colombia despu\u00e9s de haber cometido un delito en territorio extranjero, cuando la ley lo sancione con pena privativa de la libertad cuyo m\u00ednimo sea inferior a 2 a\u00f1os y no hubiere sido juzgado en el exterior"},"content":{"rendered":"<p style=\"text-align: justify;\"><b>Temas:<\/b><\/p>\n<ul>\n<li style=\"text-align: justify;\"><strong>DERECHO PENAL<\/strong> &#8211; Las acciones de maltrato f\u00edsico o psicol\u00f3gico (\u201cbullying\u201d o \u201cmatoneo\u201d), son reprochables penalmente, cuando la conducta est\u00e1 tipificada como delito<\/li>\n<li style=\"text-align: justify;\"><strong>ACTOS SEXUALES CON MENOR DE 14 A\u00d1OS<\/strong> &#8211; Agravado: demostraci\u00f3n<\/li>\n<\/ul>\n<p style=\"text-align: justify;\">\n<p style=\"text-align: justify;\">La Sala de casaci\u00f3n Penal decidi\u00f3 la impugnaci\u00f3n especial promovida a favor del procesado adolescente J.J.G.T. contra la sentencia de segunda instancia proferida por la Sala de asuntos penales para adolescentes del Tribunal Superior de Pereira, en la cual fue primera vez condenado como autor de actos sexuales con menor de catorce a\u00f1os.<\/p>\n<p style=\"text-align: justify;\">La Corte confirm\u00f3 el fallo impugnado, al encontrar suficientemente acreditada, la naturaleza libidinosa del acto objeto de la condena, por lo que, el hecho estructura una conducta dolosa penalmente tipificada en el art\u00edculo 206 del C\u00f3digo Penal, en las circunstancias de agravaci\u00f3n contenidas en los numerales 1 y 4 del art\u00edculo 211 \u00eddem.<\/p>\n<p style=\"text-align: justify;\">Para el efecto, la Sala aclar\u00f3 que, si bien pueden existir comportamientos de acoso juvenil que no sean delito, si con ello se estructura una conducta t\u00edpica, antijur\u00eddica y culpable, \u00e9sta ser\u00e1 objeto de reproche penal.<\/p>\n<p style=\"text-align: justify;\">De otra parte, la Corte indic\u00f3 que, al presente asunto le es aplicable la ley penal colombiana, pues si bien los hechos acaecieron en Florida &#8211; Estados Unidos de Am\u00e9rica, el procesado es colombiano, se encuentra en territorio patrio, se le acus\u00f3 de actos sexuales con menor de catorce a\u00f1os cuya pena m\u00ednima establecida en el C\u00f3digo Penal es de 9 a\u00f1os y no fue juzgado en el exterior.\u00a0 <a href=\"https:\/\/cortesuprema.gov.co\/corte\/wp-content\/uploads\/relatorias\/pe\/b1jul2023\/SP198-2023(60453).pdf\" target=\"_blank\" rel=\"noopener noreferrer\"><strong>[SP198-2023(60453)]<\/strong><\/a><!--more--><\/p>\n<hr \/>\n[spiderpowa-pdf src=\u00bbhttps:\/\/cortesuprema.gov.co\/corte\/wp-content\/uploads\/relatorias\/pe\/b1jul2023\/SP198-2023(60453).pdf\u00bb]\n<hr \/>\n<p><strong>Descargue el documento aqu\u00ed: <a href=\"https:\/\/cortesuprema.gov.co\/corte\/wp-content\/uploads\/relatorias\/pe\/b1jul2023\/SP198-2023(60453).pdf\" target=\"_blank\" rel=\"noopener noreferrer\">SP198-2023(60453).pdf<\/a><\/strong><\/p>\n","protected":false},"excerpt":{"rendered":"<p>Temas: DERECHO PENAL &#8211; Las acciones de maltrato f\u00edsico o psicol\u00f3gico (\u201cbullying\u201d o \u201cmatoneo\u201d), son reprochables penalmente, cuando la conducta est\u00e1 tipificada como delito ACTOS SEXUALES CON MENOR DE 14 A\u00d1OS &#8211; Agravado: demostraci\u00f3n La Sala de casaci\u00f3n Penal decidi\u00f3 la impugnaci\u00f3n especial promovida a favor del procesado adolescente J.J.G.T. contra la sentencia de segunda &hellip; <a href=\"https:\/\/cortesuprema.gov.co\/corte\/index.php\/2023\/08\/08\/ley-penal-aplicacion-extraterritorial-al-nacional-que-se-encuentre-en-colombia-despues-de-haber-cometido-un-delito-en-territorio-extranjero-cuando-la-ley-lo-sancione-con-pena-privativa-de-la-liber\/\" class=\"more-link\">Continuar leyendo<span class=\"screen-reader-text\"> \u00abLEY PENAL &#8211; Aplicaci\u00f3n extraterritorial: al nacional que se encuentre en Colombia despu\u00e9s de haber cometido un delito en territorio extranjero, cuando la ley lo sancione con pena privativa de la libertad cuyo m\u00ednimo sea inferior a 2 a\u00f1os y no hubiere sido juzgado en el exterior\u00bb<\/span><\/a><\/p>\n","protected":false},"author":12,"featured_media":0,"comment_status":"closed","ping_status":"closed","sticky":false,"template":"","format":"standard","meta":{"footnotes":""},"categories":[68],"tags":[3235,86,3236,2316,3234,71,3237],"class_list":["post-60680","post","type-post","status-publish","format-standard","hentry","category-novedades","tag-aplicacion-extraterritorial-al-nacional-que-se-encuentre-en-colombia-despues-de-haber-cometido-un-delito-en-territorio-extranjero","tag-corte-suprema-de-justicia","tag-cuando-la-ley-lo-sancione-con-pena-privativa-de-la-libertad-cuyo-minimo-sea-inferior-a-2-anos-y-no-hubiere-sido-juzgado-en-el-exterior","tag-dr-gerson-chaverra-castro","tag-ley-penal","tag-sala-penal","tag-sp198-202360453"],"_links":{"self":[{"href":"https:\/\/cortesuprema.gov.co\/corte\/index.php\/wp-json\/wp\/v2\/posts\/60680","targetHints":{"allow":["GET"]}}],"collection":[{"href":"https:\/\/cortesuprema.gov.co\/corte\/index.php\/wp-json\/wp\/v2\/posts"}],"about":[{"href":"https:\/\/cortesuprema.gov.co\/corte\/index.php\/wp-json\/wp\/v2\/types\/post"}],"author":[{"embeddable":true,"href":"https:\/\/cortesuprema.gov.co\/corte\/index.php\/wp-json\/wp\/v2\/users\/12"}],"replies":[{"embeddable":true,"href":"https:\/\/cortesuprema.gov.co\/corte\/index.php\/wp-json\/wp\/v2\/comments?post=60680"}],"version-history":[{"count":1,"href":"https:\/\/cortesuprema.gov.co\/corte\/index.php\/wp-json\/wp\/v2\/posts\/60680\/revisions"}],"predecessor-version":[{"id":60681,"href":"https:\/\/cortesuprema.gov.co\/corte\/index.php\/wp-json\/wp\/v2\/posts\/60680\/revisions\/60681"}],"wp:attachment":[{"href":"https:\/\/cortesuprema.gov.co\/corte\/index.php\/wp-json\/wp\/v2\/media?parent=60680"}],"wp:term":[{"taxonomy":"category","embeddable":true,"href":"https:\/\/cortesuprema.gov.co\/corte\/index.php\/wp-json\/wp\/v2\/categories?post=60680"},{"taxonomy":"post_tag","embeddable":true,"href":"https:\/\/cortesuprema.gov.co\/corte\/index.php\/wp-json\/wp\/v2\/tags?post=60680"}],"curies":[{"name":"wp","href":"https:\/\/api.w.org\/{rel}","templated":true}]}}