{"id":61851,"date":"2023-09-05T12:29:44","date_gmt":"2023-09-05T17:29:44","guid":{"rendered":"https:\/\/cortesuprema.gov.co\/corte\/?p=61851"},"modified":"2023-09-05T12:29:44","modified_gmt":"2023-09-05T17:29:44","slug":"exsenador-musa-besaile-acepta-cargos-por-hechos-de-corrupcion-en-contratos-de-cordoba","status":"publish","type":"post","link":"https:\/\/cortesuprema.gov.co\/corte\/index.php\/2023\/09\/05\/exsenador-musa-besaile-acepta-cargos-por-hechos-de-corrupcion-en-contratos-de-cordoba\/","title":{"rendered":"Exsenador Musa Besaile acepta cargos por hechos de corrupci\u00f3n en contratos de C\u00f3rdoba"},"content":{"rendered":"<p><strong>Bogot\u00e1, D.C.,\u00a0 martes 5 de septiembre de 2023.\u00a0<\/strong> El exsenador Musa Besaile Fayad acept\u00f3 cargos ante la Sala Especial de Instrucci\u00f3n de la Corte Suprema de Justicia por los delitos de concierto para delinquir agravado, peculado por apropiaci\u00f3n agravado y contrato sin cumplimiento de requisitos legales.<\/p>\n<p>El exsenador se acogi\u00f3 a sentencia anticipada por hechos relacionados con el presunto entramado de corrupci\u00f3n que constituy\u00f3 y lider\u00f3 con el otrora gobernador de C\u00f3rdoba Alejandro Jos\u00e9 Lyons para supuestamente apropiarse de recursos del departamento.<\/p>\n<p>Con esta aceptaci\u00f3n de cargos, el proceso pasar\u00e1 a la Sala Especial de de Primera Instancia para que emita la sentencia que corresponda.<\/p>\n<p>Al exsenador Besaile se le imputaron cargos porque, en el marco de la contienda electoral para la elecci\u00f3n de alcaldes y gobernadores para el periodo constitucional 2012-2015, supuestamente junto a Alejandro Lyons, conformaron una alianza criminal para\u00a0desviar recursos del departamento de C\u00f3rdoba, en beneficio propio.<\/p>\n<p>Para ello, presuntamente se manipularon diversos procesos de contrataci\u00f3n estatal, concretamente convenios de ciencia y tecnolog\u00eda financiados por Colciencias. Los recursos que presuntamente fueron esquilmados tambi\u00e9n proven\u00edan del Sistema General de Participaciones.<\/p>\n<p>En ese contexto, de acuerdo con la investigaci\u00f3n, Musa Besaile y Lyons, con la ayuda de terceros, habr\u00edan usado registros fraudulentos de supuestos pacientes con hemofilia para, una vez se aprobaran los pagos por esos procedimientos, realizar pagos irregulares.<\/p>\n<p>De acuerdo con la investigaci\u00f3n, en el marco de estos hechos Musa Besaile habr\u00eda recibido beneficios econ\u00f3micos ilegales por $2.350 millones de pesos.<\/p>\n","protected":false},"excerpt":{"rendered":"<p>Bogot\u00e1, D.C.,\u00a0 martes 5 de septiembre de 2023.\u00a0 El exsenador Musa Besaile Fayad acept\u00f3 cargos ante la Sala Especial de Instrucci\u00f3n de la Corte Suprema de Justicia por los delitos de concierto para delinquir agravado, peculado por apropiaci\u00f3n agravado y contrato sin cumplimiento de requisitos legales. El exsenador se acogi\u00f3 a sentencia anticipada por hechos &hellip; <a href=\"https:\/\/cortesuprema.gov.co\/corte\/index.php\/2023\/09\/05\/exsenador-musa-besaile-acepta-cargos-por-hechos-de-corrupcion-en-contratos-de-cordoba\/\" class=\"more-link\">Continuar leyendo<span class=\"screen-reader-text\"> \u00abExsenador Musa Besaile acepta cargos por hechos de corrupci\u00f3n en contratos de C\u00f3rdoba\u00bb<\/span><\/a><\/p>\n","protected":false},"author":43,"featured_media":56766,"comment_status":"closed","ping_status":"closed","sticky":false,"template":"","format":"standard","meta":{"footnotes":""},"categories":[27,74],"tags":[],"class_list":["post-61851","post","type-post","status-publish","format-standard","has-post-thumbnail","hentry","category-news","category-prensa"],"_links":{"self":[{"href":"https:\/\/cortesuprema.gov.co\/corte\/index.php\/wp-json\/wp\/v2\/posts\/61851","targetHints":{"allow":["GET"]}}],"collection":[{"href":"https:\/\/cortesuprema.gov.co\/corte\/index.php\/wp-json\/wp\/v2\/posts"}],"about":[{"href":"https:\/\/cortesuprema.gov.co\/corte\/index.php\/wp-json\/wp\/v2\/types\/post"}],"author":[{"embeddable":true,"href":"https:\/\/cortesuprema.gov.co\/corte\/index.php\/wp-json\/wp\/v2\/users\/43"}],"replies":[{"embeddable":true,"href":"https:\/\/cortesuprema.gov.co\/corte\/index.php\/wp-json\/wp\/v2\/comments?post=61851"}],"version-history":[{"count":1,"href":"https:\/\/cortesuprema.gov.co\/corte\/index.php\/wp-json\/wp\/v2\/posts\/61851\/revisions"}],"predecessor-version":[{"id":61855,"href":"https:\/\/cortesuprema.gov.co\/corte\/index.php\/wp-json\/wp\/v2\/posts\/61851\/revisions\/61855"}],"wp:featuredmedia":[{"embeddable":true,"href":"https:\/\/cortesuprema.gov.co\/corte\/index.php\/wp-json\/wp\/v2\/media\/56766"}],"wp:attachment":[{"href":"https:\/\/cortesuprema.gov.co\/corte\/index.php\/wp-json\/wp\/v2\/media?parent=61851"}],"wp:term":[{"taxonomy":"category","embeddable":true,"href":"https:\/\/cortesuprema.gov.co\/corte\/index.php\/wp-json\/wp\/v2\/categories?post=61851"},{"taxonomy":"post_tag","embeddable":true,"href":"https:\/\/cortesuprema.gov.co\/corte\/index.php\/wp-json\/wp\/v2\/tags?post=61851"}],"curies":[{"name":"wp","href":"https:\/\/api.w.org\/{rel}","templated":true}]}}