{"id":62012,"date":"2023-09-11T16:29:25","date_gmt":"2023-09-11T21:29:25","guid":{"rendered":"https:\/\/cortesuprema.gov.co\/corte\/?p=62012"},"modified":"2023-09-11T16:29:25","modified_gmt":"2023-09-11T21:29:25","slug":"sistema-penal-acusatorio-testigo-ambito-de-su-testimonio","status":"publish","type":"post","link":"https:\/\/cortesuprema.gov.co\/corte\/index.php\/2023\/09\/11\/sistema-penal-acusatorio-testigo-ambito-de-su-testimonio\/","title":{"rendered":"SISTEMA PENAL ACUSATORIO\u00a0&#8211; Testigo: \u00e1mbito de su testimonio"},"content":{"rendered":"<p><strong>Temas:<\/strong><\/p>\n<ul>\n<li style=\"text-align: justify;\"><strong>SISTEMA PENAL ACUSATORIO<\/strong>\u00a0&#8211; Testigo: \u00e1mbito de su testimonio<\/li>\n<li style=\"text-align: justify;\"><strong>SISTEMA PENAL ACUSATORIO<\/strong>\u00a0&#8211; Testigo: que no tiene calidad de perito, emisi\u00f3n de opiniones, apreciaci\u00f3n probatoria<\/li>\n<li style=\"text-align: justify;\"><strong>TESTIMONIO \u00daNICO<\/strong>\u00a0&#8211; Valoraci\u00f3n probatoria<\/li>\n<\/ul>\n<p style=\"text-align: justify;\">La Corte Suprema de Justicia resolvi\u00f3 el recurso de casaci\u00f3n interpuesto por el defensor de CIHO en contra del fallo proferido por el Tribunal Superior de Bogot\u00e1, que confirm\u00f3 la condena emitida por el Juzgado Diecisiete Penal del Circuito de la misma ciudad, por el delito de tr\u00e1fico, fabricaci\u00f3n o porte de estupefacientes.<\/p>\n<p style=\"text-align: justify;\">La Sala cas\u00f3 el fallo proferido por el Tribunal Superior de Bogot\u00e1, para, en su lugar, absolver a CIHO, argumentando que, no se cuenta con elementos de juicio que permitan concluir, m\u00e1s all\u00e1 de duda razonable, que la procesada portaba los 19,4 gramos de coca\u00edna con el prop\u00f3sito de comercializarlos o traficar con ellos.<\/p>\n<p style=\"text-align: justify;\">En este punto, consider\u00f3 que el deficiente interrogatorio realizado a la \u00fanica testigo de cargo, impidi\u00f3 conocer las circunstancias que rodearon la captura de la procesada, lo que conllev\u00f3 a que la condena proferida se encuentre viciada de errores de hecho por falso juicio de identidad y falso raciocinio.\u00a0<a href=\"https:\/\/cortesuprema.gov.co\/corte\/wp-content\/uploads\/relatorias\/pe\/b1ago2023\/SP281-2023(61694).pdf\" target=\"_blank\" rel=\"noopener noreferrer\"><strong>[SP281-2023(61694)]<\/strong><\/a><!--more--><\/p>\n<hr \/>\n[spiderpowa-pdf src=\u00bbhttps:\/\/cortesuprema.gov.co\/corte\/wp-content\/uploads\/relatorias\/pe\/b1ago2023\/SP281-2023(61694).pdf\u00bb]\n<hr \/>\n<p><strong>Descargue el documento aqu\u00ed: <a href=\"https:\/\/cortesuprema.gov.co\/corte\/wp-content\/uploads\/relatorias\/pe\/b1ago2023\/SP281-2023(61694).pdf\" target=\"_blank\" rel=\"noopener noreferrer\">SP281-2023(61694).pdf<\/a><\/strong><\/p>\n","protected":false},"excerpt":{"rendered":"<p>Temas: SISTEMA PENAL ACUSATORIO\u00a0&#8211; Testigo: \u00e1mbito de su testimonio SISTEMA PENAL ACUSATORIO\u00a0&#8211; Testigo: que no tiene calidad de perito, emisi\u00f3n de opiniones, apreciaci\u00f3n probatoria TESTIMONIO \u00daNICO\u00a0&#8211; Valoraci\u00f3n probatoria La Corte Suprema de Justicia resolvi\u00f3 el recurso de casaci\u00f3n interpuesto por el defensor de CIHO en contra del fallo proferido por el Tribunal Superior de Bogot\u00e1, &hellip; <a href=\"https:\/\/cortesuprema.gov.co\/corte\/index.php\/2023\/09\/11\/sistema-penal-acusatorio-testigo-ambito-de-su-testimonio\/\" class=\"more-link\">Continuar leyendo<span class=\"screen-reader-text\"> \u00abSISTEMA PENAL ACUSATORIO\u00a0&#8211; Testigo: \u00e1mbito de su testimonio\u00bb<\/span><\/a><\/p>\n","protected":false},"author":12,"featured_media":0,"comment_status":"closed","ping_status":"closed","sticky":false,"template":"","format":"standard","meta":{"footnotes":""},"categories":[68],"tags":[86,2386,71,170,3269],"class_list":["post-62012","post","type-post","status-publish","format-standard","hentry","category-novedades","tag-corte-suprema-de-justicia","tag-dr-fabio-ospitia-garzon","tag-sala-penal","tag-sistema-penal-acusatorio","tag-testigo-ambito-de-su-testimonio"],"_links":{"self":[{"href":"https:\/\/cortesuprema.gov.co\/corte\/index.php\/wp-json\/wp\/v2\/posts\/62012","targetHints":{"allow":["GET"]}}],"collection":[{"href":"https:\/\/cortesuprema.gov.co\/corte\/index.php\/wp-json\/wp\/v2\/posts"}],"about":[{"href":"https:\/\/cortesuprema.gov.co\/corte\/index.php\/wp-json\/wp\/v2\/types\/post"}],"author":[{"embeddable":true,"href":"https:\/\/cortesuprema.gov.co\/corte\/index.php\/wp-json\/wp\/v2\/users\/12"}],"replies":[{"embeddable":true,"href":"https:\/\/cortesuprema.gov.co\/corte\/index.php\/wp-json\/wp\/v2\/comments?post=62012"}],"version-history":[{"count":1,"href":"https:\/\/cortesuprema.gov.co\/corte\/index.php\/wp-json\/wp\/v2\/posts\/62012\/revisions"}],"predecessor-version":[{"id":62013,"href":"https:\/\/cortesuprema.gov.co\/corte\/index.php\/wp-json\/wp\/v2\/posts\/62012\/revisions\/62013"}],"wp:attachment":[{"href":"https:\/\/cortesuprema.gov.co\/corte\/index.php\/wp-json\/wp\/v2\/media?parent=62012"}],"wp:term":[{"taxonomy":"category","embeddable":true,"href":"https:\/\/cortesuprema.gov.co\/corte\/index.php\/wp-json\/wp\/v2\/categories?post=62012"},{"taxonomy":"post_tag","embeddable":true,"href":"https:\/\/cortesuprema.gov.co\/corte\/index.php\/wp-json\/wp\/v2\/tags?post=62012"}],"curies":[{"name":"wp","href":"https:\/\/api.w.org\/{rel}","templated":true}]}}