{"id":62020,"date":"2023-09-11T21:06:53","date_gmt":"2023-09-12T02:06:53","guid":{"rendered":"https:\/\/cortesuprema.gov.co\/corte\/?p=62020"},"modified":"2023-09-11T21:06:53","modified_gmt":"2023-09-12T02:06:53","slug":"resultados-de-las-pruebas-de-conocimientos-y-competencias-en-proceso-para-la-escogencia-del-registrador-nacional-del-estado-civil","status":"publish","type":"post","link":"https:\/\/cortesuprema.gov.co\/corte\/index.php\/2023\/09\/11\/resultados-de-las-pruebas-de-conocimientos-y-competencias-en-proceso-para-la-escogencia-del-registrador-nacional-del-estado-civil\/","title":{"rendered":"Resultados de las pruebas de conocimientos y competencias en proceso para la escogencia del Registrador Nacional del Estado Civil"},"content":{"rendered":"<p><strong>Bogot\u00e1, D. C., 11 de septiembre de 2023.<\/strong> Mediante el Acuerdo 008 de 2023, los presidentes de la Corte Constitucional, la Corte Suprema de Justicia y el Consejo de Estado anunciaron este lunes los resultados de las pruebas de conocimientos espec\u00edficos y competencias generales presentadas ayer por los aspirantes al cargo de Registrador Nacional del Estado Civil.<\/p>\n<p>Tras excluir a los participantes que no superaron la evaluaci\u00f3n de conocimientos, seg\u00fan las reglas de la <a href=\"https:\/\/convocatorias.consejodeestado.gov.co\/\">Convocatoria del concurso de m\u00e9ritos especial<\/a>, en el Acuerdo 008 proceden a publicar las calificaciones de las pruebas de competencias de los concursantes que contin\u00faan en el proceso de escogencia del alto cargo.<\/p>\n<p>Sumados los resultados de las dos pruebas y en orden estrictamente descendente, los siguientes son los aspirantes a Registrador Nacional del Estado Civil cuyos puntajes logrados los mantienen en el concurso especial de m\u00e9ritos:<\/p>\n<ol>\n<li>VIRGILIO ALMANZA OCAMPO<\/li>\n<li>JOAQU\u00cdN JOS\u00c9 VIVES P\u00c9REZ<\/li>\n<li>CARLOS MARIO ISAZA SERRANO<\/li>\n<li>JAIME HERNANDO SU\u00c1REZ BAYONA<\/li>\n<li>ARMANDO NOVOA GARC\u00cdA<\/li>\n<li>ORLANDO MU\u00d1OZ NEIRA<\/li>\n<li>JOS\u00c9 DAR\u00cdO CASTRO URIBE<\/li>\n<li>HERN\u00c1N PENAGOS GIRALDO<\/li>\n<li>WILLIAM MAURICIO OCHOA CARRE\u00d1O<\/li>\n<li>NERIO JOS\u00c9 ALVIS BARRANCO<\/li>\n<\/ol>\n<p>Consulte el texto completo del <strong>ACUERDO 008 DE 2023 <\/strong>en <a href=\"https:\/\/convocatorias.consejodeestado.gov.co\/\">Convocatoria del concurso de m\u00e9ritos especial<\/a><\/p>\n[spiderpowa-pdf src=\u00bbhttps:\/\/cortesuprema.gov.co\/corte\/wp-content\/uploads\/2023\/09\/Acuerdo-008-de-2023-2.pdf\u00bb]<a href=\"https:\/\/cortesuprema.gov.co\/corte\/wp-content\/uploads\/2023\/09\/Acuerdo-008-de-2023-2.pdf\">Acuerdo 008 de 2023 (2)<\/a><\/p>\n","protected":false},"excerpt":{"rendered":"<p>Bogot\u00e1, D. C., 11 de septiembre de 2023. Mediante el Acuerdo 008 de 2023, los presidentes de la Corte Constitucional, la Corte Suprema de Justicia y el Consejo de Estado anunciaron este lunes los resultados de las pruebas de conocimientos espec\u00edficos y competencias generales presentadas ayer por los aspirantes al cargo de Registrador Nacional del &hellip; <a href=\"https:\/\/cortesuprema.gov.co\/corte\/index.php\/2023\/09\/11\/resultados-de-las-pruebas-de-conocimientos-y-competencias-en-proceso-para-la-escogencia-del-registrador-nacional-del-estado-civil\/\" class=\"more-link\">Continuar leyendo<span class=\"screen-reader-text\"> \u00abResultados de las pruebas de conocimientos y competencias en proceso para la escogencia del Registrador Nacional del Estado Civil\u00bb<\/span><\/a><\/p>\n","protected":false},"author":43,"featured_media":62025,"comment_status":"closed","ping_status":"closed","sticky":false,"template":"","format":"standard","meta":{"footnotes":""},"categories":[66,27,74],"tags":[],"class_list":["post-62020","post","type-post","status-publish","format-standard","has-post-thumbnail","hentry","category-historia","category-news","category-prensa"],"_links":{"self":[{"href":"https:\/\/cortesuprema.gov.co\/corte\/index.php\/wp-json\/wp\/v2\/posts\/62020","targetHints":{"allow":["GET"]}}],"collection":[{"href":"https:\/\/cortesuprema.gov.co\/corte\/index.php\/wp-json\/wp\/v2\/posts"}],"about":[{"href":"https:\/\/cortesuprema.gov.co\/corte\/index.php\/wp-json\/wp\/v2\/types\/post"}],"author":[{"embeddable":true,"href":"https:\/\/cortesuprema.gov.co\/corte\/index.php\/wp-json\/wp\/v2\/users\/43"}],"replies":[{"embeddable":true,"href":"https:\/\/cortesuprema.gov.co\/corte\/index.php\/wp-json\/wp\/v2\/comments?post=62020"}],"version-history":[{"count":3,"href":"https:\/\/cortesuprema.gov.co\/corte\/index.php\/wp-json\/wp\/v2\/posts\/62020\/revisions"}],"predecessor-version":[{"id":62027,"href":"https:\/\/cortesuprema.gov.co\/corte\/index.php\/wp-json\/wp\/v2\/posts\/62020\/revisions\/62027"}],"wp:featuredmedia":[{"embeddable":true,"href":"https:\/\/cortesuprema.gov.co\/corte\/index.php\/wp-json\/wp\/v2\/media\/62025"}],"wp:attachment":[{"href":"https:\/\/cortesuprema.gov.co\/corte\/index.php\/wp-json\/wp\/v2\/media?parent=62020"}],"wp:term":[{"taxonomy":"category","embeddable":true,"href":"https:\/\/cortesuprema.gov.co\/corte\/index.php\/wp-json\/wp\/v2\/categories?post=62020"},{"taxonomy":"post_tag","embeddable":true,"href":"https:\/\/cortesuprema.gov.co\/corte\/index.php\/wp-json\/wp\/v2\/tags?post=62020"}],"curies":[{"name":"wp","href":"https:\/\/api.w.org\/{rel}","templated":true}]}}