{"id":62144,"date":"2023-09-14T17:41:15","date_gmt":"2023-09-14T22:41:15","guid":{"rendered":"https:\/\/cortesuprema.gov.co\/corte\/?p=62144"},"modified":"2023-09-14T17:53:57","modified_gmt":"2023-09-14T22:53:57","slug":"sala-de-primera-instancia-suspende-terminos-en-algunas-de-sus-actuaciones","status":"publish","type":"post","link":"https:\/\/cortesuprema.gov.co\/corte\/index.php\/2023\/09\/14\/sala-de-primera-instancia-suspende-terminos-en-algunas-de-sus-actuaciones\/","title":{"rendered":"Sala de Primera Instancia suspende t\u00e9rminos en algunas de sus actuaciones"},"content":{"rendered":"<p><b><span data-contrast=\"none\">Bogot\u00e1, D.C., jueves 14 de septiembre de 2023.<\/span><\/b><span data-contrast=\"auto\">\u00a0La Sala Especial de Primera Instancia de la Corte Suprema de Justicia suspendi\u00f3 los t\u00e9rminos judiciales en algunas de sus actuaciones, a partir del 14 de septiembre y hasta el d\u00eda 20 de este mismo mes.\u00a0<\/span><span data-ccp-props=\"{&quot;201341983&quot;:0,&quot;335551550&quot;:6,&quot;335551620&quot;:6,&quot;335559739&quot;:0,&quot;335559740&quot;:240}\">\u00a0<\/span><\/p>\n<p><span data-contrast=\"auto\">Esta suspensi\u00f3n no aplica para los procesos que involucren a una persona detenida ni en expedientes que est\u00e9n pr\u00f3ximos a prescribir.\u00a0\u00a0<\/span><span data-ccp-props=\"{&quot;201341983&quot;:0,&quot;335551550&quot;:6,&quot;335551620&quot;:6,&quot;335559739&quot;:0,&quot;335559740&quot;:240}\">\u00a0<\/span><\/p>\n<p><span data-contrast=\"auto\">La Sala tambi\u00e9n acord\u00f3 que, pese a la suspensi\u00f3n de t\u00e9rminos, se mantendr\u00e1 la realizaci\u00f3n de audiencias previamente programadas, as\u00ed como sus actividades y atenci\u00f3n presencial.\u00a0<\/span><span data-ccp-props=\"{&quot;201341983&quot;:0,&quot;335551550&quot;:6,&quot;335551620&quot;:6,&quot;335559739&quot;:0,&quot;335559740&quot;:240}\">\u00a0<\/span><\/p>\n<p><span data-contrast=\"auto\">En caso de que los servicios que se han visto afectados por el ataque cibern\u00e9tico al proveedor de la Rama Judicial sean restablecidos antes de la fecha se\u00f1alada, se levantar\u00e1n los t\u00e9rminos suspendidos mediante un acto administrativo.\u00a0<\/span><\/p>\n<p>&nbsp;<\/p>\n<h3><strong>Consulte aqu\u00ed el contenido del <a href=\"https:\/\/cortesuprema.gov.co\/corte\/wp-content\/uploads\/2023\/09\/Acuerdo-02-del-14-de-septiembre-de-2023.pdf\">Acuerdo No. 02 de la Sala Especial de Primera Instancia:<\/a><\/strong><\/h3>\n[spiderpowa-pdf src=\u00bbhttps:\/\/cortesuprema.gov.co\/corte\/wp-content\/uploads\/2023\/09\/Acuerdo-02-del-14-de-septiembre-de-2023.pdf\u00bb]<a href=\"https:\/\/cortesuprema.gov.co\/corte\/wp-content\/uploads\/2023\/09\/Acuerdo-02-del-14-de-septiembre-de-2023.pdf\">Acuerdo 02 del 14 de septiembre de 2023<\/a><\/p>\n<p>&nbsp;<\/p>\n","protected":false},"excerpt":{"rendered":"<p>Bogot\u00e1, D.C., jueves 14 de septiembre de 2023.\u00a0La Sala Especial de Primera Instancia de la Corte Suprema de Justicia suspendi\u00f3 los t\u00e9rminos judiciales en algunas de sus actuaciones, a partir del 14 de septiembre y hasta el d\u00eda 20 de este mismo mes.\u00a0\u00a0 Esta suspensi\u00f3n no aplica para los procesos que involucren a una persona &hellip; <a href=\"https:\/\/cortesuprema.gov.co\/corte\/index.php\/2023\/09\/14\/sala-de-primera-instancia-suspende-terminos-en-algunas-de-sus-actuaciones\/\" class=\"more-link\">Continuar leyendo<span class=\"screen-reader-text\"> \u00abSala de Primera Instancia suspende t\u00e9rminos en algunas de sus actuaciones\u00bb<\/span><\/a><\/p>\n","protected":false},"author":43,"featured_media":56780,"comment_status":"closed","ping_status":"closed","sticky":false,"template":"","format":"standard","meta":{"footnotes":""},"categories":[66,27,74],"tags":[],"class_list":["post-62144","post","type-post","status-publish","format-standard","has-post-thumbnail","hentry","category-historia","category-news","category-prensa"],"_links":{"self":[{"href":"https:\/\/cortesuprema.gov.co\/corte\/index.php\/wp-json\/wp\/v2\/posts\/62144","targetHints":{"allow":["GET"]}}],"collection":[{"href":"https:\/\/cortesuprema.gov.co\/corte\/index.php\/wp-json\/wp\/v2\/posts"}],"about":[{"href":"https:\/\/cortesuprema.gov.co\/corte\/index.php\/wp-json\/wp\/v2\/types\/post"}],"author":[{"embeddable":true,"href":"https:\/\/cortesuprema.gov.co\/corte\/index.php\/wp-json\/wp\/v2\/users\/43"}],"replies":[{"embeddable":true,"href":"https:\/\/cortesuprema.gov.co\/corte\/index.php\/wp-json\/wp\/v2\/comments?post=62144"}],"version-history":[{"count":3,"href":"https:\/\/cortesuprema.gov.co\/corte\/index.php\/wp-json\/wp\/v2\/posts\/62144\/revisions"}],"predecessor-version":[{"id":62148,"href":"https:\/\/cortesuprema.gov.co\/corte\/index.php\/wp-json\/wp\/v2\/posts\/62144\/revisions\/62148"}],"wp:featuredmedia":[{"embeddable":true,"href":"https:\/\/cortesuprema.gov.co\/corte\/index.php\/wp-json\/wp\/v2\/media\/56780"}],"wp:attachment":[{"href":"https:\/\/cortesuprema.gov.co\/corte\/index.php\/wp-json\/wp\/v2\/media?parent=62144"}],"wp:term":[{"taxonomy":"category","embeddable":true,"href":"https:\/\/cortesuprema.gov.co\/corte\/index.php\/wp-json\/wp\/v2\/categories?post=62144"},{"taxonomy":"post_tag","embeddable":true,"href":"https:\/\/cortesuprema.gov.co\/corte\/index.php\/wp-json\/wp\/v2\/tags?post=62144"}],"curies":[{"name":"wp","href":"https:\/\/api.w.org\/{rel}","templated":true}]}}