{"id":62170,"date":"2023-09-15T15:23:10","date_gmt":"2023-09-15T20:23:10","guid":{"rendered":"https:\/\/cortesuprema.gov.co\/corte\/?p=62170"},"modified":"2023-09-15T15:23:10","modified_gmt":"2023-09-15T20:23:10","slug":"sala-de-casacion-laboral-suspende-terminos-entre-el-8-y-20-de-septiembre","status":"publish","type":"post","link":"https:\/\/cortesuprema.gov.co\/corte\/index.php\/2023\/09\/15\/sala-de-casacion-laboral-suspende-terminos-entre-el-8-y-20-de-septiembre\/","title":{"rendered":"Sala de Casaci\u00f3n Laboral suspende t\u00e9rminos entre el 8 y 20 de septiembre"},"content":{"rendered":"<p><b><span data-contrast=\"none\">Bogot\u00e1, D.C., viernes 15 de septiembre de 2023.\u00a0<\/span><\/b><span data-contrast=\"none\">La Sala de Casaci\u00f3n Laboral de la Corte Suprema de Justicia acord\u00f3 suspender los t\u00e9rminos desde el 8 de septiembre hasta el d\u00eda 20 de este mismo mes. Esta fecha l\u00edmite se evaluar\u00e1 en su momento, en caso de que resulte necesario tomar otras determinaciones.\u00a0<\/span><\/p>\n<p>Esta decisi\u00f3n obedece a las intermitencias que el servicio de gestor documental (BestDoc) est\u00e1 presentado desde el 8 de septiembre, y a las fallas en los servicios digitales de la Rama Judicial que se encuentran alojados en la infraestructura IFX Networks Colombia S.A.S, debido a un ataque de ciberseguridad.<\/p>\n<p>La Sala precis\u00f3 que esta suspensi\u00f3n no se aplica a las acciones constitucionales y las Secretar\u00edas de la Sala de Casaci\u00f3n Laboral, tanto de la Sala Permanente como la de Descongesti\u00f3n, mantendr\u00e1n las actividades y atenci\u00f3n presencial.<\/p>\n<h3>Consulte aqu\u00ed el contenido del <a href=\"https:\/\/cortesuprema.gov.co\/corte\/wp-content\/uploads\/2023\/09\/ACUERDO-SUSPENSI\u00d3N-DE-T\u00c9RMINOS-SALA-DE-CASACI\u00d3N-LABORAL-1.pdf\">acuerdo No. 53 de la Sala de Casaci\u00f3n Laboral:<\/a><\/h3>\n[spiderpowa-pdf src=\u00bbhttps:\/\/cortesuprema.gov.co\/corte\/wp-content\/uploads\/2023\/09\/ACUERDO-SUSPENSI\u00d3N-DE-T\u00c9RMINOS-SALA-DE-CASACI\u00d3N-LABORAL-1.pdf\u00bb]<a href=\"https:\/\/cortesuprema.gov.co\/corte\/wp-content\/uploads\/2023\/09\/ACUERDO-SUSPENSI\u00d3N-DE-T\u00c9RMINOS-SALA-DE-CASACI\u00d3N-LABORAL-1.pdf\">ACUERDO SUSPENSI\u00d3N DE T\u00c9RMINOS SALA DE CASACI\u00d3N LABORAL (1)<\/a><\/p>\n","protected":false},"excerpt":{"rendered":"<p>Bogot\u00e1, D.C., viernes 15 de septiembre de 2023.\u00a0La Sala de Casaci\u00f3n Laboral de la Corte Suprema de Justicia acord\u00f3 suspender los t\u00e9rminos desde el 8 de septiembre hasta el d\u00eda 20 de este mismo mes. Esta fecha l\u00edmite se evaluar\u00e1 en su momento, en caso de que resulte necesario tomar otras determinaciones.\u00a0 Esta decisi\u00f3n obedece &hellip; <a href=\"https:\/\/cortesuprema.gov.co\/corte\/index.php\/2023\/09\/15\/sala-de-casacion-laboral-suspende-terminos-entre-el-8-y-20-de-septiembre\/\" class=\"more-link\">Continuar leyendo<span class=\"screen-reader-text\"> \u00abSala de Casaci\u00f3n Laboral suspende t\u00e9rminos entre el 8 y 20 de septiembre\u00bb<\/span><\/a><\/p>\n","protected":false},"author":43,"featured_media":56778,"comment_status":"closed","ping_status":"closed","sticky":false,"template":"","format":"standard","meta":{"footnotes":""},"categories":[66,27,74],"tags":[],"class_list":["post-62170","post","type-post","status-publish","format-standard","has-post-thumbnail","hentry","category-historia","category-news","category-prensa"],"_links":{"self":[{"href":"https:\/\/cortesuprema.gov.co\/corte\/index.php\/wp-json\/wp\/v2\/posts\/62170","targetHints":{"allow":["GET"]}}],"collection":[{"href":"https:\/\/cortesuprema.gov.co\/corte\/index.php\/wp-json\/wp\/v2\/posts"}],"about":[{"href":"https:\/\/cortesuprema.gov.co\/corte\/index.php\/wp-json\/wp\/v2\/types\/post"}],"author":[{"embeddable":true,"href":"https:\/\/cortesuprema.gov.co\/corte\/index.php\/wp-json\/wp\/v2\/users\/43"}],"replies":[{"embeddable":true,"href":"https:\/\/cortesuprema.gov.co\/corte\/index.php\/wp-json\/wp\/v2\/comments?post=62170"}],"version-history":[{"count":1,"href":"https:\/\/cortesuprema.gov.co\/corte\/index.php\/wp-json\/wp\/v2\/posts\/62170\/revisions"}],"predecessor-version":[{"id":62172,"href":"https:\/\/cortesuprema.gov.co\/corte\/index.php\/wp-json\/wp\/v2\/posts\/62170\/revisions\/62172"}],"wp:featuredmedia":[{"embeddable":true,"href":"https:\/\/cortesuprema.gov.co\/corte\/index.php\/wp-json\/wp\/v2\/media\/56778"}],"wp:attachment":[{"href":"https:\/\/cortesuprema.gov.co\/corte\/index.php\/wp-json\/wp\/v2\/media?parent=62170"}],"wp:term":[{"taxonomy":"category","embeddable":true,"href":"https:\/\/cortesuprema.gov.co\/corte\/index.php\/wp-json\/wp\/v2\/categories?post=62170"},{"taxonomy":"post_tag","embeddable":true,"href":"https:\/\/cortesuprema.gov.co\/corte\/index.php\/wp-json\/wp\/v2\/tags?post=62170"}],"curies":[{"name":"wp","href":"https:\/\/api.w.org\/{rel}","templated":true}]}}