{"id":62192,"date":"2023-09-18T10:12:56","date_gmt":"2023-09-18T15:12:56","guid":{"rendered":"https:\/\/cortesuprema.gov.co\/corte\/?p=62192"},"modified":"2023-09-18T10:21:22","modified_gmt":"2023-09-18T15:21:22","slug":"sala-de-casacion-civil-agraria-y-rural-acuerda-suspension-de-terminos","status":"publish","type":"post","link":"https:\/\/cortesuprema.gov.co\/corte\/index.php\/2023\/09\/18\/sala-de-casacion-civil-agraria-y-rural-acuerda-suspension-de-terminos\/","title":{"rendered":"Sala de Casaci\u00f3n Civil, Agraria y Rural acuerda suspensi\u00f3n de t\u00e9rminos"},"content":{"rendered":"<p><b><span data-contrast=\"none\">Bogot\u00e1, D.C., lunes 18 de septiembre de 2023. <\/span><\/b><span data-contrast=\"none\">A trav\u00e9s del acuerdo No. 038, l<\/span><span data-contrast=\"none\">a Sala de Casaci\u00f3n Civil, Agraria y Rural de la Corte Suprema de Justicia dispuso la suspensi\u00f3n de t\u00e9rminos en sus procesos desde el 14 hasta el 20 de septiembre.\u00a0<\/span><\/p>\n<p>Esto, teniendo en cuenta el ataque de ciberseguridad que sufri\u00f3 IFX Networks Colombia S.A.S., empresa que provee los servicios de telecomunicaciones a la Rama Judicial, lo cual gener\u00f3 la indisponibilidad en varias plataformas de la Rama Judicial.<\/p>\n<p>&nbsp;<\/p>\n<h3>Consulte <a href=\"https:\/\/cortesuprema.gov.co\/corte\/wp-content\/uploads\/2023\/09\/ACUERDO-NRO.-038-Suspensi\u00f3n-de-t\u00e9rminos..pdf\">aqu\u00ed<\/a> el contenido del acuerdo de la Sala de Casaci\u00f3n Civil, Agraria y Rural:<\/h3>\n[spiderpowa-pdf src=\u00bbhttps:\/\/cortesuprema.gov.co\/corte\/wp-content\/uploads\/2023\/09\/ACUERDO-NRO.-038-Suspensi\u00f3n-de-t\u00e9rminos..pdf\u00bb]<a href=\"https:\/\/cortesuprema.gov.co\/corte\/wp-content\/uploads\/2023\/09\/ACUERDO-NRO.-038-Suspensi\u00f3n-de-t\u00e9rminos..pdf\">ACUERDO NRO. 038 Suspensi\u00f3n de t\u00e9rminos.<\/a><\/p>\n<p>&nbsp;<\/p>\n","protected":false},"excerpt":{"rendered":"<p>Bogot\u00e1, D.C., lunes 18 de septiembre de 2023. A trav\u00e9s del acuerdo No. 038, la Sala de Casaci\u00f3n Civil, Agraria y Rural de la Corte Suprema de Justicia dispuso la suspensi\u00f3n de t\u00e9rminos en sus procesos desde el 14 hasta el 20 de septiembre.\u00a0 Esto, teniendo en cuenta el ataque de ciberseguridad que sufri\u00f3 IFX &hellip; <a href=\"https:\/\/cortesuprema.gov.co\/corte\/index.php\/2023\/09\/18\/sala-de-casacion-civil-agraria-y-rural-acuerda-suspension-de-terminos\/\" class=\"more-link\">Continuar leyendo<span class=\"screen-reader-text\"> \u00abSala de Casaci\u00f3n Civil, Agraria y Rural acuerda suspensi\u00f3n de t\u00e9rminos\u00bb<\/span><\/a><\/p>\n","protected":false},"author":43,"featured_media":56765,"comment_status":"closed","ping_status":"closed","sticky":false,"template":"","format":"standard","meta":{"footnotes":""},"categories":[66,27,74],"tags":[],"class_list":["post-62192","post","type-post","status-publish","format-standard","has-post-thumbnail","hentry","category-historia","category-news","category-prensa"],"_links":{"self":[{"href":"https:\/\/cortesuprema.gov.co\/corte\/index.php\/wp-json\/wp\/v2\/posts\/62192","targetHints":{"allow":["GET"]}}],"collection":[{"href":"https:\/\/cortesuprema.gov.co\/corte\/index.php\/wp-json\/wp\/v2\/posts"}],"about":[{"href":"https:\/\/cortesuprema.gov.co\/corte\/index.php\/wp-json\/wp\/v2\/types\/post"}],"author":[{"embeddable":true,"href":"https:\/\/cortesuprema.gov.co\/corte\/index.php\/wp-json\/wp\/v2\/users\/43"}],"replies":[{"embeddable":true,"href":"https:\/\/cortesuprema.gov.co\/corte\/index.php\/wp-json\/wp\/v2\/comments?post=62192"}],"version-history":[{"count":2,"href":"https:\/\/cortesuprema.gov.co\/corte\/index.php\/wp-json\/wp\/v2\/posts\/62192\/revisions"}],"predecessor-version":[{"id":62195,"href":"https:\/\/cortesuprema.gov.co\/corte\/index.php\/wp-json\/wp\/v2\/posts\/62192\/revisions\/62195"}],"wp:featuredmedia":[{"embeddable":true,"href":"https:\/\/cortesuprema.gov.co\/corte\/index.php\/wp-json\/wp\/v2\/media\/56765"}],"wp:attachment":[{"href":"https:\/\/cortesuprema.gov.co\/corte\/index.php\/wp-json\/wp\/v2\/media?parent=62192"}],"wp:term":[{"taxonomy":"category","embeddable":true,"href":"https:\/\/cortesuprema.gov.co\/corte\/index.php\/wp-json\/wp\/v2\/categories?post=62192"},{"taxonomy":"post_tag","embeddable":true,"href":"https:\/\/cortesuprema.gov.co\/corte\/index.php\/wp-json\/wp\/v2\/tags?post=62192"}],"curies":[{"name":"wp","href":"https:\/\/api.w.org\/{rel}","templated":true}]}}