{"id":62198,"date":"2023-09-18T11:04:41","date_gmt":"2023-09-18T16:04:41","guid":{"rendered":"https:\/\/cortesuprema.gov.co\/corte\/?p=62198"},"modified":"2023-09-18T11:19:49","modified_gmt":"2023-09-18T16:19:49","slug":"sala-laboral-convoca-a-la-ciudadania-a-participar-en-proyecto-de-ley-de-nuevo-codigo-procesal-del-trabajo","status":"publish","type":"post","link":"https:\/\/cortesuprema.gov.co\/corte\/index.php\/2023\/09\/18\/sala-laboral-convoca-a-la-ciudadania-a-participar-en-proyecto-de-ley-de-nuevo-codigo-procesal-del-trabajo\/","title":{"rendered":"Sala Laboral convoca a la ciudadan\u00eda a participar en Proyecto de Ley de &#8216;Nuevo C\u00f3digo Procesal del Trabajo&#8217;"},"content":{"rendered":"<p><strong>Bogot\u00e1, D.C., lunes 18 de septiembre de 2023.<\/strong> La Sala de Casaci\u00f3n Laboral de la Corte Suprema de Justicia convoca a la ciudadan\u00eda, entidades, gremios, organizaciones, comunidad acad\u00e9mica y grupos de inter\u00e9s para que participen y formulen aportes al Proyecto de Ley No. 051 de 2023 de un &#8216;Nuevo C\u00f3digo Procesal del Trabajo y de la Seguridad Social&#8217;.<\/p>\n<p>La Sala recibir\u00e1 las propuestas <strong>hasta el 6 de octubre de 2023<\/strong> en el correo electr\u00f3nico:<\/p>\n<ul>\n<li><u><a href=\"mailto:convocatoriaproyectoCPT@cortesuprema.gov.co\">convocatoriaproyectoCPT@cortesuprema.gov.co<\/a><\/u><\/li>\n<\/ul>\n<p>Este Proyecto de Ley, que <a href=\"https:\/\/cortesuprema.gov.co\/corte\/index.php\/2023\/08\/01\/corte-suprema-radica-proyecto-de-nuevo-codigo-procesal-del-trabajo\/\">fue radicado por la Sala de Casaci\u00f3n Laboral<\/a> el pasado 1 de agosto, es una propuesta integral, sistematizada y coherente para regular los asuntos que son de conocimiento de esta jurisdicci\u00f3n, teniendo en cuenta las realidades sociales y tecnol\u00f3gicas de los trabajadores del Siglo XXI.<\/p>\n<p>&nbsp;<\/p>\n<h3><strong>Consulte <a href=\"https:\/\/cortesuprema.gov.co\/corte\/wp-content\/uploads\/2023\/09\/CO%CC%81DIGO-CPT-Y-SS-SALA-LABORAL-CORTE-SUPREMA-DE-JUSTICIA-1.pdf\">aqu\u00ed<\/a> el contenido del proyecto de ley:<\/strong><\/h3>\n[spiderpowa-pdf src=\u00bbhttps:\/\/cortesuprema.gov.co\/corte\/wp-content\/uploads\/2023\/09\/CO\u0301DIGO-CPT-Y-SS-SALA-LABORAL-CORTE-SUPREMA-DE-JUSTICIA-1.pdf\u00bb]<a href=\"https:\/\/cortesuprema.gov.co\/corte\/wp-content\/uploads\/2023\/09\/CO\u0301DIGO-CPT-Y-SS-SALA-LABORAL-CORTE-SUPREMA-DE-JUSTICIA-1.pdf\">CO\u0301DIGO CPT Y SS &#8211; SALA LABORAL CORTE SUPREMA DE JUSTICIA (1)<\/a><\/p>\n","protected":false},"excerpt":{"rendered":"<p>Bogot\u00e1, D.C., lunes 18 de septiembre de 2023. La Sala de Casaci\u00f3n Laboral de la Corte Suprema de Justicia convoca a la ciudadan\u00eda, entidades, gremios, organizaciones, comunidad acad\u00e9mica y grupos de inter\u00e9s para que participen y formulen aportes al Proyecto de Ley No. 051 de 2023 de un &#8216;Nuevo C\u00f3digo Procesal del Trabajo y de &hellip; <a href=\"https:\/\/cortesuprema.gov.co\/corte\/index.php\/2023\/09\/18\/sala-laboral-convoca-a-la-ciudadania-a-participar-en-proyecto-de-ley-de-nuevo-codigo-procesal-del-trabajo\/\" class=\"more-link\">Continuar leyendo<span class=\"screen-reader-text\"> \u00abSala Laboral convoca a la ciudadan\u00eda a participar en Proyecto de Ley de &#8216;Nuevo C\u00f3digo Procesal del Trabajo&#8217;\u00bb<\/span><\/a><\/p>\n","protected":false},"author":43,"featured_media":62199,"comment_status":"closed","ping_status":"closed","sticky":false,"template":"","format":"standard","meta":{"footnotes":""},"categories":[66,27,74],"tags":[],"class_list":["post-62198","post","type-post","status-publish","format-standard","has-post-thumbnail","hentry","category-historia","category-news","category-prensa"],"_links":{"self":[{"href":"https:\/\/cortesuprema.gov.co\/corte\/index.php\/wp-json\/wp\/v2\/posts\/62198","targetHints":{"allow":["GET"]}}],"collection":[{"href":"https:\/\/cortesuprema.gov.co\/corte\/index.php\/wp-json\/wp\/v2\/posts"}],"about":[{"href":"https:\/\/cortesuprema.gov.co\/corte\/index.php\/wp-json\/wp\/v2\/types\/post"}],"author":[{"embeddable":true,"href":"https:\/\/cortesuprema.gov.co\/corte\/index.php\/wp-json\/wp\/v2\/users\/43"}],"replies":[{"embeddable":true,"href":"https:\/\/cortesuprema.gov.co\/corte\/index.php\/wp-json\/wp\/v2\/comments?post=62198"}],"version-history":[{"count":4,"href":"https:\/\/cortesuprema.gov.co\/corte\/index.php\/wp-json\/wp\/v2\/posts\/62198\/revisions"}],"predecessor-version":[{"id":62204,"href":"https:\/\/cortesuprema.gov.co\/corte\/index.php\/wp-json\/wp\/v2\/posts\/62198\/revisions\/62204"}],"wp:featuredmedia":[{"embeddable":true,"href":"https:\/\/cortesuprema.gov.co\/corte\/index.php\/wp-json\/wp\/v2\/media\/62199"}],"wp:attachment":[{"href":"https:\/\/cortesuprema.gov.co\/corte\/index.php\/wp-json\/wp\/v2\/media?parent=62198"}],"wp:term":[{"taxonomy":"category","embeddable":true,"href":"https:\/\/cortesuprema.gov.co\/corte\/index.php\/wp-json\/wp\/v2\/categories?post=62198"},{"taxonomy":"post_tag","embeddable":true,"href":"https:\/\/cortesuprema.gov.co\/corte\/index.php\/wp-json\/wp\/v2\/tags?post=62198"}],"curies":[{"name":"wp","href":"https:\/\/api.w.org\/{rel}","templated":true}]}}