{"id":62259,"date":"2023-09-21T11:33:21","date_gmt":"2023-09-21T16:33:21","guid":{"rendered":"https:\/\/cortesuprema.gov.co\/corte\/?p=62259"},"modified":"2023-09-21T11:33:21","modified_gmt":"2023-09-21T16:33:21","slug":"sala-de-casacion-laboral-levanta-la-suspension-de-terminos","status":"publish","type":"post","link":"https:\/\/cortesuprema.gov.co\/corte\/index.php\/2023\/09\/21\/sala-de-casacion-laboral-levanta-la-suspension-de-terminos\/","title":{"rendered":"Sala de Casaci\u00f3n Laboral levanta la suspensi\u00f3n de t\u00e9rminos"},"content":{"rendered":"<p><strong>Bogot\u00e1, D.C., jueves 21 de septiembre de 2023.<\/strong> La Sala de Casaci\u00f3n Laboral de la Corte Suprema de Justicia levant\u00f3 la suspensi\u00f3n de t\u00e9rminos que estuvo vigente entre el 8 y el 20 de septiembre, por lo cual se reanudan a partir de este 21 de septiembre del 2023.<\/p>\n<p>Los t\u00e9rminos hab\u00edan sido suspendidos debido a las intermitencias en el gestor documento y las fallas que persist\u00edan en los servicios digitales de la Rama Judicial que est\u00e1n alojados en la infraestructura IFX Networks Colombia.<\/p>\n<p>&nbsp;<\/p>\n<h3>Consulte el siguiente documento para ver toda la informaci\u00f3n:<\/h3>\n[spiderpowa-pdf src=\u00bbhttps:\/\/cortesuprema.gov.co\/corte\/wp-content\/uploads\/2023\/09\/AVISO-ACTIVA-TE\u0301RMINOS..pdf\u00bb]<a href=\"https:\/\/cortesuprema.gov.co\/corte\/wp-content\/uploads\/2023\/09\/AVISO-ACTIVA-TE\u0301RMINOS..pdf\">AVISO ACTIVA TE\u0301RMINOS.<\/a><\/p>\n<p>&nbsp;<\/p>\n<p>&nbsp;<\/p>\n<p>&nbsp;<\/p>\n","protected":false},"excerpt":{"rendered":"<p>Bogot\u00e1, D.C., jueves 21 de septiembre de 2023. La Sala de Casaci\u00f3n Laboral de la Corte Suprema de Justicia levant\u00f3 la suspensi\u00f3n de t\u00e9rminos que estuvo vigente entre el 8 y el 20 de septiembre, por lo cual se reanudan a partir de este 21 de septiembre del 2023. Los t\u00e9rminos hab\u00edan sido suspendidos debido &hellip; <a href=\"https:\/\/cortesuprema.gov.co\/corte\/index.php\/2023\/09\/21\/sala-de-casacion-laboral-levanta-la-suspension-de-terminos\/\" class=\"more-link\">Continuar leyendo<span class=\"screen-reader-text\"> \u00abSala de Casaci\u00f3n Laboral levanta la suspensi\u00f3n de t\u00e9rminos\u00bb<\/span><\/a><\/p>\n","protected":false},"author":43,"featured_media":56772,"comment_status":"closed","ping_status":"closed","sticky":false,"template":"","format":"standard","meta":{"footnotes":""},"categories":[66,27,74],"tags":[],"class_list":["post-62259","post","type-post","status-publish","format-standard","has-post-thumbnail","hentry","category-historia","category-news","category-prensa"],"_links":{"self":[{"href":"https:\/\/cortesuprema.gov.co\/corte\/index.php\/wp-json\/wp\/v2\/posts\/62259","targetHints":{"allow":["GET"]}}],"collection":[{"href":"https:\/\/cortesuprema.gov.co\/corte\/index.php\/wp-json\/wp\/v2\/posts"}],"about":[{"href":"https:\/\/cortesuprema.gov.co\/corte\/index.php\/wp-json\/wp\/v2\/types\/post"}],"author":[{"embeddable":true,"href":"https:\/\/cortesuprema.gov.co\/corte\/index.php\/wp-json\/wp\/v2\/users\/43"}],"replies":[{"embeddable":true,"href":"https:\/\/cortesuprema.gov.co\/corte\/index.php\/wp-json\/wp\/v2\/comments?post=62259"}],"version-history":[{"count":2,"href":"https:\/\/cortesuprema.gov.co\/corte\/index.php\/wp-json\/wp\/v2\/posts\/62259\/revisions"}],"predecessor-version":[{"id":62263,"href":"https:\/\/cortesuprema.gov.co\/corte\/index.php\/wp-json\/wp\/v2\/posts\/62259\/revisions\/62263"}],"wp:featuredmedia":[{"embeddable":true,"href":"https:\/\/cortesuprema.gov.co\/corte\/index.php\/wp-json\/wp\/v2\/media\/56772"}],"wp:attachment":[{"href":"https:\/\/cortesuprema.gov.co\/corte\/index.php\/wp-json\/wp\/v2\/media?parent=62259"}],"wp:term":[{"taxonomy":"category","embeddable":true,"href":"https:\/\/cortesuprema.gov.co\/corte\/index.php\/wp-json\/wp\/v2\/categories?post=62259"},{"taxonomy":"post_tag","embeddable":true,"href":"https:\/\/cortesuprema.gov.co\/corte\/index.php\/wp-json\/wp\/v2\/tags?post=62259"}],"curies":[{"name":"wp","href":"https:\/\/api.w.org\/{rel}","templated":true}]}}