{"id":62265,"date":"2023-09-21T11:36:14","date_gmt":"2023-09-21T16:36:14","guid":{"rendered":"https:\/\/cortesuprema.gov.co\/corte\/?p=62265"},"modified":"2023-09-21T15:14:47","modified_gmt":"2023-09-21T20:14:47","slug":"reanudacion-de-terminos-procesales-de-la-sala-especial-de-instruccion","status":"publish","type":"post","link":"https:\/\/cortesuprema.gov.co\/corte\/index.php\/2023\/09\/21\/reanudacion-de-terminos-procesales-de-la-sala-especial-de-instruccion\/","title":{"rendered":"Reanudaci\u00f3n de t\u00e9rminos procesales de la Sala Especial de Instrucci\u00f3n"},"content":{"rendered":"<p><b><span data-contrast=\"none\">Bogot\u00e1, D.C., jueves 21 de septiembre de 2023. <\/span><\/b><span data-contrast=\"none\">Mediante el Acuerdo PCSJA23-12089\/C3 del pasado 20 de septiembre, el Consejo Superior de la Judicatura prorrog\u00f3 la suspensi\u00f3n de t\u00e9rminos ordenada en el Acuerdo PCSJA23-12089, para los despachos judiciales que gestionan sus procesos a trav\u00e9s de la plataforma Justicia XXI Web-Tyba, hasta el pr\u00f3ximo 22 de septiembre. <\/span><span data-ccp-props=\"{&quot;201341983&quot;:0,&quot;335551550&quot;:6,&quot;335551620&quot;:6,&quot;335559739&quot;:0,&quot;335559740&quot;:240}\">\u00a0<\/span><\/p>\n<p><span data-contrast=\"none\">Se informa a la comunidad que esta pr\u00f3rroga no aplica para los procesos que se siguen en la Sala Especial de Instrucci\u00f3n de la Corte Suprema de Justicia, en la medida en que \u00e9stos no se gestionan por medio de la plataforma mencionada.<\/span><span data-ccp-props=\"{&quot;201341983&quot;:0,&quot;335551550&quot;:6,&quot;335551620&quot;:6,&quot;335559739&quot;:0,&quot;335559740&quot;:240}\">\u00a0<\/span><\/p>\n<p><span data-contrast=\"none\">En consecuencia, los t\u00e9rminos procesales de los tr\u00e1mites en esta Sala se reanudan a partir del d\u00eda de hoy, 21 de septiembre.<\/span><span data-ccp-props=\"{&quot;134233117&quot;:false,&quot;134233118&quot;:false,&quot;201341983&quot;:0,&quot;335551550&quot;:6,&quot;335551620&quot;:6,&quot;335559738&quot;:0,&quot;335559739&quot;:160,&quot;335559740&quot;:257}\">\u00a0<\/span><\/p>\n","protected":false},"excerpt":{"rendered":"<p>Bogot\u00e1, D.C., jueves 21 de septiembre de 2023. Mediante el Acuerdo PCSJA23-12089\/C3 del pasado 20 de septiembre, el Consejo Superior de la Judicatura prorrog\u00f3 la suspensi\u00f3n de t\u00e9rminos ordenada en el Acuerdo PCSJA23-12089, para los despachos judiciales que gestionan sus procesos a trav\u00e9s de la plataforma Justicia XXI Web-Tyba, hasta el pr\u00f3ximo 22 de septiembre. &hellip; <a href=\"https:\/\/cortesuprema.gov.co\/corte\/index.php\/2023\/09\/21\/reanudacion-de-terminos-procesales-de-la-sala-especial-de-instruccion\/\" class=\"more-link\">Continuar leyendo<span class=\"screen-reader-text\"> \u00abReanudaci\u00f3n de t\u00e9rminos procesales de la Sala Especial de Instrucci\u00f3n\u00bb<\/span><\/a><\/p>\n","protected":false},"author":43,"featured_media":56770,"comment_status":"closed","ping_status":"closed","sticky":false,"template":"","format":"standard","meta":{"footnotes":""},"categories":[66,27,74],"tags":[],"class_list":["post-62265","post","type-post","status-publish","format-standard","has-post-thumbnail","hentry","category-historia","category-news","category-prensa"],"_links":{"self":[{"href":"https:\/\/cortesuprema.gov.co\/corte\/index.php\/wp-json\/wp\/v2\/posts\/62265","targetHints":{"allow":["GET"]}}],"collection":[{"href":"https:\/\/cortesuprema.gov.co\/corte\/index.php\/wp-json\/wp\/v2\/posts"}],"about":[{"href":"https:\/\/cortesuprema.gov.co\/corte\/index.php\/wp-json\/wp\/v2\/types\/post"}],"author":[{"embeddable":true,"href":"https:\/\/cortesuprema.gov.co\/corte\/index.php\/wp-json\/wp\/v2\/users\/43"}],"replies":[{"embeddable":true,"href":"https:\/\/cortesuprema.gov.co\/corte\/index.php\/wp-json\/wp\/v2\/comments?post=62265"}],"version-history":[{"count":2,"href":"https:\/\/cortesuprema.gov.co\/corte\/index.php\/wp-json\/wp\/v2\/posts\/62265\/revisions"}],"predecessor-version":[{"id":62269,"href":"https:\/\/cortesuprema.gov.co\/corte\/index.php\/wp-json\/wp\/v2\/posts\/62265\/revisions\/62269"}],"wp:featuredmedia":[{"embeddable":true,"href":"https:\/\/cortesuprema.gov.co\/corte\/index.php\/wp-json\/wp\/v2\/media\/56770"}],"wp:attachment":[{"href":"https:\/\/cortesuprema.gov.co\/corte\/index.php\/wp-json\/wp\/v2\/media?parent=62265"}],"wp:term":[{"taxonomy":"category","embeddable":true,"href":"https:\/\/cortesuprema.gov.co\/corte\/index.php\/wp-json\/wp\/v2\/categories?post=62265"},{"taxonomy":"post_tag","embeddable":true,"href":"https:\/\/cortesuprema.gov.co\/corte\/index.php\/wp-json\/wp\/v2\/tags?post=62265"}],"curies":[{"name":"wp","href":"https:\/\/api.w.org\/{rel}","templated":true}]}}