{"id":62287,"date":"2023-09-22T14:44:31","date_gmt":"2023-09-22T19:44:31","guid":{"rendered":"https:\/\/cortesuprema.gov.co\/corte\/?p=62287"},"modified":"2023-09-22T14:44:31","modified_gmt":"2023-09-22T19:44:31","slug":"corte-analiza-circunstancias-en-las-cuales-compartir-y-suministrar-droga-no-esta-penalizado","status":"publish","type":"post","link":"https:\/\/cortesuprema.gov.co\/corte\/index.php\/2023\/09\/22\/corte-analiza-circunstancias-en-las-cuales-compartir-y-suministrar-droga-no-esta-penalizado\/","title":{"rendered":"Corte analiza circunstancias en las cuales compartir y suministrar droga no est\u00e1 penalizado"},"content":{"rendered":"<p><strong>Bogot\u00e1, D.C., viernes 22 de septiembre de 2023. <\/strong>La Sala de Casaci\u00f3n Penal de la Corte Suprema de Justicia\u00a0absolvi\u00f3\u00a0a\u00a0una mujer que fue sorprendida con dos gramos de coca\u00edna, ocultos en su cabello, cuando fue requisada en una estaci\u00f3n de Polic\u00eda\u00a0a\u00a0la que se hab\u00eda\u00a0dirigido con el fin de visitar\u00a0a\u00a0su compa\u00f1ero sentimental, quien se encontraba detenido.<\/p>\n<p>La Sala encontr\u00f3 que la mujer no cometi\u00f3 un delito\u00a0a\u00a0pesar de que se demostr\u00f3 que la finalidad del porte de la droga era distinta\u00a0a\u00a0la de un consumo exclusivamente personal, circunstancia que, de\u00a0acuerdo con la jurisprudencia de la Corte Suprema de Justicia, no est\u00e1 penalizada debido\u00a0a\u00a0que la Constituci\u00f3n protege los derechos\u00a0al libre desarrollo de la personalidad y la dignidad humana.<\/p>\n<p>Aunque est\u00e1 claro que\u00a0al llevar consigo las siete papeletas de coca\u00edna en su cabello, ten\u00eda\u00a0la intenci\u00f3n de suministrarla y\/o compartirla\u00a0a\u00a0su compa\u00f1ero sentimental, ninguna de esas dos circunstancias puede ser penalizada, pues no se demostr\u00f3 que tuviera la intenci\u00f3n de un suministro generalizado dentro del centro de reclusi\u00f3n, por ejemplo, comercializando la droga entre las personas detenidas.<\/p>\n<p>\u201cCualesquiera de las dos posibilidades resulta\u00a0at\u00edpica, debido\u00a0a\u00a0la\u00a0ausencia del elemento subjetivo diverso\u00a0al dolo exigido para la tipicidad de la conducta, en tanto, de\u00a0acuerdo\u00a0a\u00a0lo que fue probado en la\u00a0actuaci\u00f3n, el peligro generado para la salud es meramente individual y, por consiguiente, no\u00a0alcanza el car\u00e1cter p\u00fablico que caracteriza\u00a0al bien jur\u00eddico protegido por el\u00a0art\u00edculo 376 del C\u00f3digo Penal\u201d.<\/p>\n<p>La Sala record\u00f3 que pese\u00a0a\u00a0que el delito de fabricaci\u00f3n, tr\u00e1fico o porte de estupefacientes proh\u00edbe el suministro de drogas, ya sea de forma gratuita u onerosa, hay circunstancias en las cuales este porte obedece\u00a0a\u00a0otros factores que,\u00a0al igual que el consumo personal, tampoco representan una\u00a0afectaci\u00f3n\u00a0a\u00a0la salud p\u00fablica:<\/p>\n<p>\u201cAs\u00ed, existe un elemento com\u00fan\u00a0a\u00a0cada uno de esos prop\u00f3sitos, formulados en su momento por la Corte\u00a0a\u00a0manera de ejemplo, no en orden taxativo: el portador, como consumidor habitual u ocasional, no se plantea la distribuci\u00f3n de la sustancia\u00a0a\u00a0sujetos indeterminados; y, lleva consigo la droga para su consumo personal o para suministrarla y compartirla, sin \u00e1nimo de lucro, con un estrecho c\u00edrculo de individuos con los que detenta una relaci\u00f3n personal, permanente u circunstancial. De\u00a0all\u00ed que la Corte dej\u00f3 planteados conceptos tales como la dosis de\u00a0aprovisionamiento y la dosis para el consumo compartido, como circunstancias con caracter\u00edsticas similares, desde el tipo penal,\u00a0al consumo exclusivo y personal de las sustancias psicotr\u00f3pica\u201d, expone la providencia de la Sala de Casaci\u00f3n Penal.<\/p>\n<p>La Corte se\u00f1al\u00f3, entonces, que en cada contexto se podr\u00edan encontrar situaciones como las de quienes\u00a0adquieren sustancias estupefacientes para su exclusivo consumo personal, o para compartir su ingesta con un grupo de\u00a0amigos,\u00a0allegados, o conocidos, de manera ocasional y en un c\u00edrculo \u00edntimo, sin que exista\u00a0alg\u00fan riesgo de difusi\u00f3n generalizada.<\/p>\n<p>La Sala de Casaci\u00f3n Penal tambi\u00e9n se refiri\u00f3\u00a0al tipo de nexo que podr\u00edan tener las personas que comparten o se suministran drogas en situaciones que est\u00e1n por fuera del\u00a0alcance penal.\u00a0As\u00ed, se trata por ejemplo de relaciones entre personas que mantienen una estrecha comunidad de vida, siempre y cuando ese suministro del estupefaciente ocurra entre\u00a0adultos, bajo una mutua voluntad, y quien reciba la droga tenga el definido prop\u00f3sito de usarla para su\u00a0consumo exclusivo y personal.<\/p>\n<p>\u201cEn rigor, diversos eventos en que las personas entregan estupefacientes o los comparten, pueden corresponder\u00a0a\u00a0formas de suministro, que, sin embargo, tampoco encajan dentro de la estructura t\u00edpica del\u00a0art\u00edculo 376 del C\u00f3digo Penal\u201d,\u00a0aclar\u00f3 la Sala.<\/p>\n<p>Teniendo en cuenta todos estos elementos, la Sala de Casaci\u00f3n Penal\u00a0absolvi\u00f3\u00a0a\u00a0la mujer que hab\u00eda\u00a0sido condenada en primera y segunda instancia, y orden\u00f3 su libertad inmediata.<\/p>\n<h3>Consulte aqu\u00ed el contenido de la sentencia <a href=\"https:\/\/cortesuprema.gov.co\/corte\/wp-content\/uploads\/2023\/08\/SP228-202360332-2.pdf\">SP228-2023:<\/a><\/h3>\n[spiderpowa-pdf src=\u00bbhttps:\/\/cortesuprema.gov.co\/corte\/wp-content\/uploads\/2023\/08\/SP228-202360332-2.pdf\u00bb]<a href=\"https:\/\/cortesuprema.gov.co\/corte\/wp-content\/uploads\/2023\/08\/SP228-202360332-2.pdf\">SP228-2023(60332) (2)<\/a><\/p>\n","protected":false},"excerpt":{"rendered":"<p>Bogot\u00e1, D.C., viernes 22 de septiembre de 2023. La Sala de Casaci\u00f3n Penal de la Corte Suprema de Justicia\u00a0absolvi\u00f3\u00a0a\u00a0una mujer que fue sorprendida con dos gramos de coca\u00edna, ocultos en su cabello, cuando fue requisada en una estaci\u00f3n de Polic\u00eda\u00a0a\u00a0la que se hab\u00eda\u00a0dirigido con el fin de visitar\u00a0a\u00a0su compa\u00f1ero sentimental, quien se encontraba detenido. La &hellip; <a href=\"https:\/\/cortesuprema.gov.co\/corte\/index.php\/2023\/09\/22\/corte-analiza-circunstancias-en-las-cuales-compartir-y-suministrar-droga-no-esta-penalizado\/\" class=\"more-link\">Continuar leyendo<span class=\"screen-reader-text\"> \u00abCorte analiza circunstancias en las cuales compartir y suministrar droga no est\u00e1 penalizado\u00bb<\/span><\/a><\/p>\n","protected":false},"author":43,"featured_media":62149,"comment_status":"closed","ping_status":"closed","sticky":false,"template":"","format":"standard","meta":{"footnotes":""},"categories":[66,27,74],"tags":[],"class_list":["post-62287","post","type-post","status-publish","format-standard","has-post-thumbnail","hentry","category-historia","category-news","category-prensa"],"_links":{"self":[{"href":"https:\/\/cortesuprema.gov.co\/corte\/index.php\/wp-json\/wp\/v2\/posts\/62287","targetHints":{"allow":["GET"]}}],"collection":[{"href":"https:\/\/cortesuprema.gov.co\/corte\/index.php\/wp-json\/wp\/v2\/posts"}],"about":[{"href":"https:\/\/cortesuprema.gov.co\/corte\/index.php\/wp-json\/wp\/v2\/types\/post"}],"author":[{"embeddable":true,"href":"https:\/\/cortesuprema.gov.co\/corte\/index.php\/wp-json\/wp\/v2\/users\/43"}],"replies":[{"embeddable":true,"href":"https:\/\/cortesuprema.gov.co\/corte\/index.php\/wp-json\/wp\/v2\/comments?post=62287"}],"version-history":[{"count":2,"href":"https:\/\/cortesuprema.gov.co\/corte\/index.php\/wp-json\/wp\/v2\/posts\/62287\/revisions"}],"predecessor-version":[{"id":62289,"href":"https:\/\/cortesuprema.gov.co\/corte\/index.php\/wp-json\/wp\/v2\/posts\/62287\/revisions\/62289"}],"wp:featuredmedia":[{"embeddable":true,"href":"https:\/\/cortesuprema.gov.co\/corte\/index.php\/wp-json\/wp\/v2\/media\/62149"}],"wp:attachment":[{"href":"https:\/\/cortesuprema.gov.co\/corte\/index.php\/wp-json\/wp\/v2\/media?parent=62287"}],"wp:term":[{"taxonomy":"category","embeddable":true,"href":"https:\/\/cortesuprema.gov.co\/corte\/index.php\/wp-json\/wp\/v2\/categories?post=62287"},{"taxonomy":"post_tag","embeddable":true,"href":"https:\/\/cortesuprema.gov.co\/corte\/index.php\/wp-json\/wp\/v2\/tags?post=62287"}],"curies":[{"name":"wp","href":"https:\/\/api.w.org\/{rel}","templated":true}]}}