{"id":62520,"date":"2023-10-06T09:28:25","date_gmt":"2023-10-06T14:28:25","guid":{"rendered":"https:\/\/cortesuprema.gov.co\/corte\/?p=62520"},"modified":"2023-10-06T09:28:25","modified_gmt":"2023-10-06T14:28:25","slug":"fabricacion-trafico-y-porte-de-armas-y-municiones-de-uso-privativo-de-las-fuerzas-armadas-caracteristicas-del-arma-y-uso","status":"publish","type":"post","link":"https:\/\/cortesuprema.gov.co\/corte\/index.php\/2023\/10\/06\/fabricacion-trafico-y-porte-de-armas-y-municiones-de-uso-privativo-de-las-fuerzas-armadas-caracteristicas-del-arma-y-uso\/","title":{"rendered":"FABRICACI\u00d3N, TR\u00c1FICO Y PORTE DE ARMAS Y MUNICIONES DE USO PRIVATIVO DE LAS FUERZAS ARMADAS &#8211; Caracter\u00edsticas del arma y uso"},"content":{"rendered":"<p style=\"text-align: justify;\"><strong>Temas:<\/strong><\/p>\n<ul>\n<li style=\"text-align: justify;\"><strong>FABRICACI\u00d3N, TR\u00c1FICO Y PORTE DE ARMAS Y MUNICIONES DE USO PRIVATIVO DE LAS FUERZAS ARMADAS<\/strong> &#8211; Caracter\u00edsticas del arma y uso<\/li>\n<li style=\"text-align: justify;\"><strong>ARMAS DE FUEGO<\/strong> &#8211; Clasificaci\u00f3n legal: prohibidas, desarrollo en el Decreto 2535 de 1993 y en el C\u00f3digo Penal<\/li>\n<\/ul>\n<p style=\"text-align: justify;\">La Sala de Casaci\u00f3n Penal, decidi\u00f3 la impugnaci\u00f3n especial promovida por el defensor de HFMM, quien luego de ser absuelto por el Juzgado 3 Penal del Circuito Especializado con funciones de conocimiento de Cali por el delito de porte ilegal de arma de fuego y municiones de uso privativo de las fuerzas armadas, fue condenado por el Tribunal de la referida ciudad como autor de dicho punible.<\/p>\n<p style=\"text-align: justify;\">La Sala confirm\u00f3 la sentencia condenatoria en contra de HFMM, modific\u00e1ndola en el sentido de declararlo responsable penalmente del delito de porte de arma de fuego y municiones de defensa personal, a t\u00edtulo de autor, y en consecuencia redosific\u00f3 la pena impuesta.<\/p>\n<p style=\"text-align: justify;\">Para el efecto, la Corte analiz\u00f3 lo dispuesto en el Decreto 2535 de 1993 que, en sus art\u00edculos 8 y 11 literal (a), describe cu\u00e1les son las armas de guerra o de uso privativo de la fuerza p\u00fablica y cu\u00e1les las de defensa personal, normativa con base en la cual concluy\u00f3 que, el arma incautada no cumple con las exigencias para ser de uso privativo de las fuerzas armadas, sino que se trata de una pistola y municiones de defensa personal.<\/p>\n<p style=\"text-align: justify;\">Aunado a ello aclar\u00f3 que, la circunstancia de que el arma calibre 7.65 mm, contara con un proveedor para 12 cartuchos, por s\u00ed sola, no basta para que tenga la calidad de arma de guerra.\u00a0<strong><a href=\"https:\/\/cortesuprema.gov.co\/corte\/wp-content\/uploads\/relatorias\/pe\/b1sep2023\/SP256-2023(63192).pdf\" target=\"_blank\" rel=\"noopener noreferrer\">[SP256-2023(63192)]<\/a><\/strong><!--more--><\/p>\n<hr \/>\n[spiderpowa-pdf src=\u00bbhttps:\/\/cortesuprema.gov.co\/corte\/wp-content\/uploads\/relatorias\/pe\/b1sep2023\/SP256-2023(63192).pdf\u00bb]\n<hr \/>\n<p><strong>Descargue el documento aqu\u00ed: <a href=\"https:\/\/cortesuprema.gov.co\/corte\/wp-content\/uploads\/relatorias\/pe\/b1sep2023\/SP256-2023(63192).pdf\" target=\"_blank\" rel=\"noopener noreferrer\">SP256-2023(63192).pdf<\/a><\/strong><\/p>\n","protected":false},"excerpt":{"rendered":"<p>Temas: FABRICACI\u00d3N, TR\u00c1FICO Y PORTE DE ARMAS Y MUNICIONES DE USO PRIVATIVO DE LAS FUERZAS ARMADAS &#8211; Caracter\u00edsticas del arma y uso ARMAS DE FUEGO &#8211; Clasificaci\u00f3n legal: prohibidas, desarrollo en el Decreto 2535 de 1993 y en el C\u00f3digo Penal La Sala de Casaci\u00f3n Penal, decidi\u00f3 la impugnaci\u00f3n especial promovida por el defensor de &hellip; <a href=\"https:\/\/cortesuprema.gov.co\/corte\/index.php\/2023\/10\/06\/fabricacion-trafico-y-porte-de-armas-y-municiones-de-uso-privativo-de-las-fuerzas-armadas-caracteristicas-del-arma-y-uso\/\" class=\"more-link\">Continuar leyendo<span class=\"screen-reader-text\"> \u00abFABRICACI\u00d3N, TR\u00c1FICO Y PORTE DE ARMAS Y MUNICIONES DE USO PRIVATIVO DE LAS FUERZAS ARMADAS &#8211; Caracter\u00edsticas del arma y uso\u00bb<\/span><\/a><\/p>\n","protected":false},"author":12,"featured_media":0,"comment_status":"closed","ping_status":"closed","sticky":false,"template":"","format":"standard","meta":{"footnotes":""},"categories":[68],"tags":[3276,86,127,457,71,3277,3275],"class_list":["post-62520","post","type-post","status-publish","format-standard","hentry","category-novedades","tag-caracteristicas-del-arma-y-uso","tag-corte-suprema-de-justicia","tag-dr-luis-antonio-hernandez-barbosa","tag-fabricacion","tag-sala-penal","tag-sp256-202363192","tag-trafico-y-porte-de-armas-y-municiones-de-uso-privativo-de-las-fuerzas-armadas"],"_links":{"self":[{"href":"https:\/\/cortesuprema.gov.co\/corte\/index.php\/wp-json\/wp\/v2\/posts\/62520","targetHints":{"allow":["GET"]}}],"collection":[{"href":"https:\/\/cortesuprema.gov.co\/corte\/index.php\/wp-json\/wp\/v2\/posts"}],"about":[{"href":"https:\/\/cortesuprema.gov.co\/corte\/index.php\/wp-json\/wp\/v2\/types\/post"}],"author":[{"embeddable":true,"href":"https:\/\/cortesuprema.gov.co\/corte\/index.php\/wp-json\/wp\/v2\/users\/12"}],"replies":[{"embeddable":true,"href":"https:\/\/cortesuprema.gov.co\/corte\/index.php\/wp-json\/wp\/v2\/comments?post=62520"}],"version-history":[{"count":1,"href":"https:\/\/cortesuprema.gov.co\/corte\/index.php\/wp-json\/wp\/v2\/posts\/62520\/revisions"}],"predecessor-version":[{"id":62521,"href":"https:\/\/cortesuprema.gov.co\/corte\/index.php\/wp-json\/wp\/v2\/posts\/62520\/revisions\/62521"}],"wp:attachment":[{"href":"https:\/\/cortesuprema.gov.co\/corte\/index.php\/wp-json\/wp\/v2\/media?parent=62520"}],"wp:term":[{"taxonomy":"category","embeddable":true,"href":"https:\/\/cortesuprema.gov.co\/corte\/index.php\/wp-json\/wp\/v2\/categories?post=62520"},{"taxonomy":"post_tag","embeddable":true,"href":"https:\/\/cortesuprema.gov.co\/corte\/index.php\/wp-json\/wp\/v2\/tags?post=62520"}],"curies":[{"name":"wp","href":"https:\/\/api.w.org\/{rel}","templated":true}]}}