{"id":62522,"date":"2023-10-06T09:38:06","date_gmt":"2023-10-06T14:38:06","guid":{"rendered":"https:\/\/cortesuprema.gov.co\/corte\/?p=62522"},"modified":"2023-10-06T09:38:06","modified_gmt":"2023-10-06T14:38:06","slug":"legitima-defensa-diferencia-con-la-rina","status":"publish","type":"post","link":"https:\/\/cortesuprema.gov.co\/corte\/index.php\/2023\/10\/06\/legitima-defensa-diferencia-con-la-rina\/","title":{"rendered":"LEG\u00cdTIMA DEFENSA &#8211; Diferencia con la ri\u00f1a"},"content":{"rendered":"<p>Temas:<\/p>\n<ul>\n<li style=\"text-align: justify;\"><strong>LEG\u00cdTIMA DEFENSA<\/strong> &#8211; Diferencia con la ri\u00f1a<\/li>\n<li style=\"text-align: justify;\"><strong>LEG\u00cdTIMA DEFENSA<\/strong> &#8211; Ri\u00f1a: descarta el reconocimiento de la causal<\/li>\n<\/ul>\n<p style=\"text-align: justify;\">Resolvi\u00f3 la Sala de Casaci\u00f3n Penal, la impugnaci\u00f3n especial promovida por el defensor del adolescente D.F.S.M, quien luego de ser absuelto por el Juzgado 3 Penal para Adolescentes con funciones de conocimiento de Cali por el delito de lesiones personales dolosas en J.C.H, fue condenado por el Tribunal de la referida ciudad como autor del mencionado punible.<\/p>\n<p style=\"text-align: justify;\">En esta oportunidad, en la que, desde hac\u00eda por lo menos dos a\u00f1os la v\u00edctima y el victimario se hac\u00edan mutuo <em>bullying, <\/em>la Sala confirm\u00f3 la sentencia condenatoria, al considerar que, la situaci\u00f3n de ri\u00f1a descarta el reconocimiento de la legitima defensa, como causal de justificaci\u00f3n excluyente de la antijuridicidad.\u00a0<a href=\"https:\/\/cortesuprema.gov.co\/corte\/wp-content\/uploads\/relatorias\/pe\/b1sep2023\/SP289-2023(63567).pdf\" target=\"_blank\" rel=\"noopener noreferrer\"><strong>[SP289-2023(63567)]<\/strong><\/a><!--more--><\/p>\n<hr \/>\n[spiderpowa-pdf src=\u00bbhttps:\/\/cortesuprema.gov.co\/corte\/wp-content\/uploads\/relatorias\/pe\/b1sep2023\/SP289-2023(63567).pdf\u00bb]\n<hr \/>\n<p><strong>Descargue el documento aqu\u00ed: <a href=\"https:\/\/cortesuprema.gov.co\/corte\/wp-content\/uploads\/relatorias\/pe\/b1sep2023\/SP289-2023(63567).pdf\" target=\"_blank\" rel=\"noopener noreferrer\">SP289-2023(63567).pdf<\/a><\/strong><\/p>\n","protected":false},"excerpt":{"rendered":"<p>Temas: LEG\u00cdTIMA DEFENSA &#8211; Diferencia con la ri\u00f1a LEG\u00cdTIMA DEFENSA &#8211; Ri\u00f1a: descarta el reconocimiento de la causal Resolvi\u00f3 la Sala de Casaci\u00f3n Penal, la impugnaci\u00f3n especial promovida por el defensor del adolescente D.F.S.M, quien luego de ser absuelto por el Juzgado 3 Penal para Adolescentes con funciones de conocimiento de Cali por el delito &hellip; <a href=\"https:\/\/cortesuprema.gov.co\/corte\/index.php\/2023\/10\/06\/legitima-defensa-diferencia-con-la-rina\/\" class=\"more-link\">Continuar leyendo<span class=\"screen-reader-text\"> \u00abLEG\u00cdTIMA DEFENSA &#8211; Diferencia con la ri\u00f1a\u00bb<\/span><\/a><\/p>\n","protected":false},"author":12,"featured_media":0,"comment_status":"closed","ping_status":"closed","sticky":false,"template":"","format":"standard","meta":{"footnotes":""},"categories":[68],"tags":[86,3278,127,445,71,3279],"class_list":["post-62522","post","type-post","status-publish","format-standard","hentry","category-novedades","tag-corte-suprema-de-justicia","tag-diferencia-con-la-rina","tag-dr-luis-antonio-hernandez-barbosa","tag-legitima-defensa","tag-sala-penal","tag-sp289-202363567"],"_links":{"self":[{"href":"https:\/\/cortesuprema.gov.co\/corte\/index.php\/wp-json\/wp\/v2\/posts\/62522","targetHints":{"allow":["GET"]}}],"collection":[{"href":"https:\/\/cortesuprema.gov.co\/corte\/index.php\/wp-json\/wp\/v2\/posts"}],"about":[{"href":"https:\/\/cortesuprema.gov.co\/corte\/index.php\/wp-json\/wp\/v2\/types\/post"}],"author":[{"embeddable":true,"href":"https:\/\/cortesuprema.gov.co\/corte\/index.php\/wp-json\/wp\/v2\/users\/12"}],"replies":[{"embeddable":true,"href":"https:\/\/cortesuprema.gov.co\/corte\/index.php\/wp-json\/wp\/v2\/comments?post=62522"}],"version-history":[{"count":1,"href":"https:\/\/cortesuprema.gov.co\/corte\/index.php\/wp-json\/wp\/v2\/posts\/62522\/revisions"}],"predecessor-version":[{"id":62523,"href":"https:\/\/cortesuprema.gov.co\/corte\/index.php\/wp-json\/wp\/v2\/posts\/62522\/revisions\/62523"}],"wp:attachment":[{"href":"https:\/\/cortesuprema.gov.co\/corte\/index.php\/wp-json\/wp\/v2\/media?parent=62522"}],"wp:term":[{"taxonomy":"category","embeddable":true,"href":"https:\/\/cortesuprema.gov.co\/corte\/index.php\/wp-json\/wp\/v2\/categories?post=62522"},{"taxonomy":"post_tag","embeddable":true,"href":"https:\/\/cortesuprema.gov.co\/corte\/index.php\/wp-json\/wp\/v2\/tags?post=62522"}],"curies":[{"name":"wp","href":"https:\/\/api.w.org\/{rel}","templated":true}]}}