{"id":62524,"date":"2023-10-06T10:11:37","date_gmt":"2023-10-06T15:11:37","guid":{"rendered":"https:\/\/cortesuprema.gov.co\/corte\/?p=62524"},"modified":"2023-10-06T10:11:37","modified_gmt":"2023-10-06T15:11:37","slug":"derechos-de-autor-derechos-patrimoniales","status":"publish","type":"post","link":"https:\/\/cortesuprema.gov.co\/corte\/index.php\/2023\/10\/06\/derechos-de-autor-derechos-patrimoniales\/","title":{"rendered":"DERECHOS DE AUTOR &#8211; Derechos patrimoniales"},"content":{"rendered":"<p><strong>Temas:<\/strong><\/p>\n<ul>\n<li style=\"text-align: justify;\"><strong>DERECHOS DE AUTOR<\/strong> &#8211; Derechos patrimoniales<\/li>\n<li style=\"text-align: justify;\"><strong>DERECHOS DE AUTOR<\/strong> &#8211; Marco normativo: Decisi\u00f3n Andina 351 de 1993, estimaci\u00f3n del da\u00f1o, usos honrados<\/li>\n<li style=\"text-align: justify;\"><strong>DERECHOS DE AUTOR<\/strong> &#8211; Derechos patrimoniales: perjuicio irrazonable<\/li>\n<li style=\"text-align: justify;\"><strong>DERECHOS DE AUTOR<\/strong> &#8211; Derechos patrimoniales: afectaci\u00f3n econ\u00f3mica, derecho comparado<\/li>\n<li style=\"text-align: justify;\"><strong>VIOLACI\u00d3N A LOS DERECHOS PATRIMONIALES DE AUTOR Y DERECHOS CONEXOS<\/strong> &#8211; Antijuridicidad del da\u00f1o: ausencia de lesividad<\/li>\n<li style=\"text-align: justify;\"><strong>VIOLACI\u00d3N A LOS DERECHOS PATRIMONIALES DE AUTOR Y DERECHOS CONEXOS<\/strong> &#8211; Antijuridicidad del da\u00f1o: estimaci\u00f3n de la afectaci\u00f3n patrimonial<\/li>\n<\/ul>\n<p style=\"text-align: justify;\">La Corte Suprema de Justicia decidi\u00f3 el recurso de casaci\u00f3n interpuesto por el defensor de WDDVM, contra la sentencia proferida por el Tribunal Superior de Cartagena, que confirm\u00f3 la dictada por el Juzgado 5 Penal del Circuito de la misma sede, que lo conden\u00f3 como autor del delito de violaci\u00f3n a los derechos patrimoniales de autor.<\/p>\n<p style=\"text-align: justify;\">La Sala cas\u00f3 la sentencia impugnada, para en su lugar absolver al procesado, al considerar que la conducta juzgada es valorativamente at\u00edpica del delito de violaci\u00f3n a los derechos patrimoniales de autor.<\/p>\n<p style=\"text-align: justify;\">Ello por cuanto, no se demostr\u00f3, como lo exige el Acuerdo de Cartagena, incorporado a la legislaci\u00f3n colombiana y que conforma, en esta materia, el bloque de constitucionalidad, que, se caus\u00f3 un perjuicio irrazonable a los derechos econ\u00f3micos de los herederos del autor, o una lesi\u00f3n efectiva al patrimonio de estos.<\/p>\n<p style=\"text-align: justify;\">Al respecto, explic\u00f3 que, la legislaci\u00f3n colombiana no tiene una norma espec\u00edfica para graduar la pena seg\u00fan la intensidad de la afectaci\u00f3n econ\u00f3mica en relaci\u00f3n con delitos que afectan el patrimonio del autor; sin embargo, en los t\u00e9rminos del art\u00edculo 11 del C\u00f3digo Penal, es posible que la m\u00ednima afectaci\u00f3n al bien jur\u00eddico conlleve a la ausencia de lesividad.\u00a0<a href=\"https:\/\/cortesuprema.gov.co\/corte\/wp-content\/uploads\/relatorias\/pe\/b1sep2023\/SP331-2023(56944).pdf\" target=\"_blank\" rel=\"noopener noreferrer\"><strong>[SP331-2023(56944)]<\/strong><\/a><!--more--><\/p>\n<hr \/>\n[spiderpowa-pdf src=\u00bbhttps:\/\/cortesuprema.gov.co\/corte\/wp-content\/uploads\/relatorias\/pe\/b1sep2023\/SP331-2023(56944).pdf\u00bb]\n<hr \/>\n<p><strong>Descargue el documento aqu\u00ed: <a href=\"https:\/\/cortesuprema.gov.co\/corte\/wp-content\/uploads\/relatorias\/pe\/b1sep2023\/SP331-2023(56944).pdf\" target=\"_blank\" rel=\"noopener noreferrer\">SP331-2023(56944).pdf<\/a><\/strong><\/p>\n","protected":false},"excerpt":{"rendered":"<p>Temas: DERECHOS DE AUTOR &#8211; Derechos patrimoniales DERECHOS DE AUTOR &#8211; Marco normativo: Decisi\u00f3n Andina 351 de 1993, estimaci\u00f3n del da\u00f1o, usos honrados DERECHOS DE AUTOR &#8211; Derechos patrimoniales: perjuicio irrazonable DERECHOS DE AUTOR &#8211; Derechos patrimoniales: afectaci\u00f3n econ\u00f3mica, derecho comparado VIOLACI\u00d3N A LOS DERECHOS PATRIMONIALES DE AUTOR Y DERECHOS CONEXOS &#8211; Antijuridicidad del da\u00f1o: &hellip; <a href=\"https:\/\/cortesuprema.gov.co\/corte\/index.php\/2023\/10\/06\/derechos-de-autor-derechos-patrimoniales\/\" class=\"more-link\">Continuar leyendo<span class=\"screen-reader-text\"> \u00abDERECHOS DE AUTOR &#8211; Derechos patrimoniales\u00bb<\/span><\/a><\/p>\n","protected":false},"author":12,"featured_media":0,"comment_status":"closed","ping_status":"closed","sticky":false,"template":"","format":"standard","meta":{"footnotes":""},"categories":[68],"tags":[86,2503,3280,127,71,3281],"class_list":["post-62524","post","type-post","status-publish","format-standard","hentry","category-novedades","tag-corte-suprema-de-justicia","tag-derechos-de-autor","tag-derechos-patrimoniales","tag-dr-luis-antonio-hernandez-barbosa","tag-sala-penal","tag-sp331-202356944"],"_links":{"self":[{"href":"https:\/\/cortesuprema.gov.co\/corte\/index.php\/wp-json\/wp\/v2\/posts\/62524","targetHints":{"allow":["GET"]}}],"collection":[{"href":"https:\/\/cortesuprema.gov.co\/corte\/index.php\/wp-json\/wp\/v2\/posts"}],"about":[{"href":"https:\/\/cortesuprema.gov.co\/corte\/index.php\/wp-json\/wp\/v2\/types\/post"}],"author":[{"embeddable":true,"href":"https:\/\/cortesuprema.gov.co\/corte\/index.php\/wp-json\/wp\/v2\/users\/12"}],"replies":[{"embeddable":true,"href":"https:\/\/cortesuprema.gov.co\/corte\/index.php\/wp-json\/wp\/v2\/comments?post=62524"}],"version-history":[{"count":1,"href":"https:\/\/cortesuprema.gov.co\/corte\/index.php\/wp-json\/wp\/v2\/posts\/62524\/revisions"}],"predecessor-version":[{"id":62527,"href":"https:\/\/cortesuprema.gov.co\/corte\/index.php\/wp-json\/wp\/v2\/posts\/62524\/revisions\/62527"}],"wp:attachment":[{"href":"https:\/\/cortesuprema.gov.co\/corte\/index.php\/wp-json\/wp\/v2\/media?parent=62524"}],"wp:term":[{"taxonomy":"category","embeddable":true,"href":"https:\/\/cortesuprema.gov.co\/corte\/index.php\/wp-json\/wp\/v2\/categories?post=62524"},{"taxonomy":"post_tag","embeddable":true,"href":"https:\/\/cortesuprema.gov.co\/corte\/index.php\/wp-json\/wp\/v2\/tags?post=62524"}],"curies":[{"name":"wp","href":"https:\/\/api.w.org\/{rel}","templated":true}]}}