{"id":62529,"date":"2023-10-06T10:49:57","date_gmt":"2023-10-06T15:49:57","guid":{"rendered":"https:\/\/cortesuprema.gov.co\/corte\/?p=62529"},"modified":"2023-10-06T10:49:57","modified_gmt":"2023-10-06T15:49:57","slug":"debido-proceso-terminos-procesales-errores-en-su-fijacion-no-alteran-los-plazos-legales","status":"publish","type":"post","link":"https:\/\/cortesuprema.gov.co\/corte\/index.php\/2023\/10\/06\/debido-proceso-terminos-procesales-errores-en-su-fijacion-no-alteran-los-plazos-legales\/","title":{"rendered":"DEBIDO PROCESO &#8211; T\u00e9rminos procesales: errores en su fijaci\u00f3n no alteran los plazos legales"},"content":{"rendered":"<p style=\"text-align: justify;\"><strong>Tema:<\/strong><\/p>\n<ul>\n<li style=\"text-align: justify;\"><strong>DEBIDO PROCESO<\/strong> &#8211; T\u00e9rminos procesales: errores en su fijaci\u00f3n no alteran los plazos legales<\/li>\n<li style=\"text-align: justify;\"><strong>DEBIDO PROCESO<\/strong> &#8211; T\u00e9rminos procesales: errores en su fijaci\u00f3n no alteran los plazos legales, excepciones<\/li>\n<li style=\"text-align: justify;\"><strong>ADMINISTRACI\u00d3N DE JUSTICIA<\/strong> &#8211; Principio de confianza leg\u00edtima: las partes no tiene la obligaci\u00f3n de soportar los yerros de los funcionarios judiciales<\/li>\n<li style=\"text-align: justify;\"><strong>NOTIFICACI\u00d3N PERSONAL<\/strong> &#8211; Formas de efectuarla: medio electr\u00f3nico, contabilizaci\u00f3n de t\u00e9rminos<\/li>\n<li style=\"text-align: justify;\"><strong>NOTIFICACI\u00d3N PERSONAL<\/strong> &#8211; Formas de efectuarla: medio electr\u00f3nico, es diferente a la notificaci\u00f3n en estrados<\/li>\n<\/ul>\n<p style=\"text-align: justify;\">Se pronunci\u00f3 la Corte Suprema de Justicia sobre el recurso extraordinario de casaci\u00f3n presentado y sustentado por el defensor de MDTG, contra la sentencia de segunda instancia proferida por la Sala Penal del Tribunal Superior del Distrito Judicial de Bogot\u00e1, adicionada en prove\u00eddo de 14 de febrero siguiente, mediante la cual confirm\u00f3 la emitida por el Juzgado 42 Penal del Circuito de la misma ciudad, que conden\u00f3 a la procesada, como autora del delito de falsa denuncia contra persona determinada.<\/p>\n<p style=\"text-align: justify;\">La Sala cas\u00f3 el fallo impugnado, y decret\u00f3 la nulidad de lo actuado desde la emisi\u00f3n del fallo de segunda instancia, inclusive, para que, en una nueva decisi\u00f3n, el <em>ad quem<\/em> se pronuncie respecto del recurso de apelaci\u00f3n interpuesto por el defensor de la implicada contra el fallo proferido por el Juzgado 42 Penal del Circuito de la misma ciudad.<\/p>\n<p style=\"text-align: justify;\">Lo anterior, al considerar que, el defensor de la acusada actu\u00f3 en ejercicio de los principios de buena fe y confianza leg\u00edtima, al haber sido la propia juez la que, en el acto p\u00fablico de lectura de la Sentencia, obviara la debida estimaci\u00f3n del t\u00e9rmino consagrado en el art\u00edculo 179 de la Ley 906 de 2004.<\/p>\n<p style=\"text-align: justify;\">En efecto, contabiliz\u00f3 err\u00f3neamente el plazo concedido para que los recurrentes fundamentaran el recurso vertical; pues, en el conteo que hizo, d\u00eda a d\u00eda, del lapso habilitado para ello, paso por alto uno de los d\u00edas, con lo que cre\u00f3 la percepci\u00f3n leg\u00edtima de que el plazo fijado venc\u00eda el d\u00eda siguiente a aquel en el que la defensa present\u00f3 el recurso.\u00a0<a href=\"https:\/\/cortesuprema.gov.co\/corte\/wp-content\/uploads\/relatorias\/pe\/b1sep2023\/SP346-2023(63812).pdf\" target=\"_blank\" rel=\"noopener noreferrer\"><strong>[SP346-2023(63812)]<\/strong><\/a><!--more--><\/p>\n<hr \/>\n[spiderpowa-pdf src=\u00bbhttps:\/\/cortesuprema.gov.co\/corte\/wp-content\/uploads\/relatorias\/pe\/b1sep2023\/SP346-2023(63812).pdf\u00bb]\n<hr \/>\n<p><strong>Descargue el documento aqu\u00ed: <a href=\"https:\/\/cortesuprema.gov.co\/corte\/wp-content\/uploads\/relatorias\/pe\/b1sep2023\/SP346-2023(63812).pdf\" target=\"_blank\" rel=\"noopener noreferrer\">SP346-2023(63812).pdf<\/a><\/strong><\/p>\n","protected":false},"excerpt":{"rendered":"<p>Tema: DEBIDO PROCESO &#8211; T\u00e9rminos procesales: errores en su fijaci\u00f3n no alteran los plazos legales DEBIDO PROCESO &#8211; T\u00e9rminos procesales: errores en su fijaci\u00f3n no alteran los plazos legales, excepciones ADMINISTRACI\u00d3N DE JUSTICIA &#8211; Principio de confianza leg\u00edtima: las partes no tiene la obligaci\u00f3n de soportar los yerros de los funcionarios judiciales NOTIFICACI\u00d3N PERSONAL &#8211; &hellip; <a href=\"https:\/\/cortesuprema.gov.co\/corte\/index.php\/2023\/10\/06\/debido-proceso-terminos-procesales-errores-en-su-fijacion-no-alteran-los-plazos-legales\/\" class=\"more-link\">Continuar leyendo<span class=\"screen-reader-text\"> \u00abDEBIDO PROCESO &#8211; T\u00e9rminos procesales: errores en su fijaci\u00f3n no alteran los plazos legales\u00bb<\/span><\/a><\/p>\n","protected":false},"author":12,"featured_media":0,"comment_status":"closed","ping_status":"closed","sticky":false,"template":"","format":"standard","meta":{"footnotes":""},"categories":[68],"tags":[86,187,2470,71,3283,3282],"class_list":["post-62529","post","type-post","status-publish","format-standard","hentry","category-novedades","tag-corte-suprema-de-justicia","tag-debido-proceso","tag-dr-diego-eugenio-corredor-beltran","tag-sala-penal","tag-sp346-202363812","tag-terminos-procesales-errores-en-su-fijacion-no-alteran-los-plazos-legales"],"_links":{"self":[{"href":"https:\/\/cortesuprema.gov.co\/corte\/index.php\/wp-json\/wp\/v2\/posts\/62529","targetHints":{"allow":["GET"]}}],"collection":[{"href":"https:\/\/cortesuprema.gov.co\/corte\/index.php\/wp-json\/wp\/v2\/posts"}],"about":[{"href":"https:\/\/cortesuprema.gov.co\/corte\/index.php\/wp-json\/wp\/v2\/types\/post"}],"author":[{"embeddable":true,"href":"https:\/\/cortesuprema.gov.co\/corte\/index.php\/wp-json\/wp\/v2\/users\/12"}],"replies":[{"embeddable":true,"href":"https:\/\/cortesuprema.gov.co\/corte\/index.php\/wp-json\/wp\/v2\/comments?post=62529"}],"version-history":[{"count":1,"href":"https:\/\/cortesuprema.gov.co\/corte\/index.php\/wp-json\/wp\/v2\/posts\/62529\/revisions"}],"predecessor-version":[{"id":62530,"href":"https:\/\/cortesuprema.gov.co\/corte\/index.php\/wp-json\/wp\/v2\/posts\/62529\/revisions\/62530"}],"wp:attachment":[{"href":"https:\/\/cortesuprema.gov.co\/corte\/index.php\/wp-json\/wp\/v2\/media?parent=62529"}],"wp:term":[{"taxonomy":"category","embeddable":true,"href":"https:\/\/cortesuprema.gov.co\/corte\/index.php\/wp-json\/wp\/v2\/categories?post=62529"},{"taxonomy":"post_tag","embeddable":true,"href":"https:\/\/cortesuprema.gov.co\/corte\/index.php\/wp-json\/wp\/v2\/tags?post=62529"}],"curies":[{"name":"wp","href":"https:\/\/api.w.org\/{rel}","templated":true}]}}