{"id":62532,"date":"2023-10-06T11:23:58","date_gmt":"2023-10-06T16:23:58","guid":{"rendered":"https:\/\/cortesuprema.gov.co\/corte\/?p=62532"},"modified":"2025-08-16T13:57:52","modified_gmt":"2025-08-16T18:57:52","slug":"favorecimiento-y-facilitacion-del-contrabando-elementos","status":"publish","type":"post","link":"https:\/\/cortesuprema.gov.co\/corte\/index.php\/2023\/10\/06\/favorecimiento-y-facilitacion-del-contrabando-elementos\/","title":{"rendered":"FAVORECIMIENTO Y FACILITACI\u00d3N DEL CONTRABANDO &#8211; Elementos"},"content":{"rendered":"<p style=\"text-align: justify;\"><strong>Tema:<\/strong><\/p>\n<ul>\n<li style=\"text-align: justify;\"><strong>FAVORECIMIENTO Y FACILITACI\u00d3N DEL CONTRABANDO<\/strong> &#8211; Elementos<\/li>\n<li style=\"text-align: justify;\"><strong>FAVORECIMIENTO Y FACILITACI\u00d3N DEL CONTRABANDO<\/strong> &#8211; Elementos: dolo, conocimiento respecto de la ilegalidad de las mercanc\u00edas y de que, con su comportamiento, est\u00e1 participando en el tr\u00e1fico ilegal de mercanc\u00edas<\/li>\n<li style=\"text-align: justify;\"><strong>LEGISLACI\u00d3N ADUANERA<\/strong> &#8211; Aprehensi\u00f3n y decomiso de mercanc\u00eda<\/li>\n<li style=\"text-align: justify;\"><strong>LEGISLACI\u00d3N ADUANERA<\/strong> &#8211; Obligaci\u00f3n aduanera: declaraci\u00f3n de importaci\u00f3n<\/li>\n<li style=\"text-align: justify;\"><strong>LEGISLACI\u00d3N ADUANERA<\/strong> &#8211; Obligaci\u00f3n aduanera: responsable<\/li>\n<\/ul>\n<p style=\"text-align: justify;\">La Corte Suprema de Justicia decidi\u00f3 el recurso de casaci\u00f3n interpuesto por el defensor del procesado, contra el fallo de segundo grado proferido por la Sala Penal del Tribunal Superior de Distrito Judicial de Bogot\u00e1, mediante el cual revoc\u00f3 la sentencia absolutoria emitida por el Juzgado Doce Penal del Circuito con Funciones de Conocimiento de esa misma ciudad, para en su lugar condenarlo como autor responsable del delito de favorecimiento y facilitaci\u00f3n del contrabando.<\/p>\n<p style=\"text-align: justify;\">La Sala, en aplicaci\u00f3n del principio in dubio pro reo, cas\u00f3 el fallo proferido por el Tribunal Superior de Bogot\u00e1, para, en su lugar, en garant\u00eda de la doble conformidad, confirmar el fallo de primer grado, que absolvi\u00f3 a WGOR.<\/p>\n<p style=\"text-align: justify;\">Para ello, analiz\u00f3 los elementos del delito de favorecimiento y facilitaci\u00f3n del contrabando, enfatizando en que, para su configuraci\u00f3n, la fiscal\u00eda debe demostrar, m\u00e1s all\u00e1 de toda duda, que el sujeto activo tiene conocimiento de la ilegalidad de las mercanc\u00edas y de que, con su comportamiento, est\u00e1 participando en un circuito o cadena del tr\u00e1fico ilegal de mercanc\u00edas.<\/p>\n<p style=\"text-align: justify;\">Fue as\u00ed como, consider\u00f3 que, condenar al procesado s\u00f3lo porque se present\u00f3 como el tenedor de la mercanc\u00eda, implicar\u00eda emitir una sentencia con base en la responsabilidad objetiva, lo que est\u00e1 proscrito en nuestro sistema procesal penal.\u00a0<strong><u><a href=\"https:\/\/cortesuprema.gov.co\/corte\/wp-content\/uploads\/relatorias\/pe\/b1sep2023\/SP349-2023(56154).pdf\" target=\"_blank\" rel=\"noopener noreferrer\">[SP349-2023(56154)]<\/a><\/u><\/strong><!--more--><\/p>\n<hr \/>\n[spiderpowa-pdf src=\u00bbhttps:\/\/cortesuprema.gov.co\/corte\/wp-content\/uploads\/relatorias\/pe\/b1sep2023\/SP349-2023(56154).pdf\u00bb]\n<hr \/>\n<p><strong>Descargue el documento aqu\u00ed: <a href=\"https:\/\/cortesuprema.gov.co\/corte\/wp-content\/uploads\/relatorias\/pe\/b1sep2023\/SP349-2023(56154).pdf\" target=\"_blank\" rel=\"noopener noreferrer\">SP349-2023(56154).pdf<\/a><\/strong><\/p>\n","protected":false},"excerpt":{"rendered":"<p>Tema: FAVORECIMIENTO Y FACILITACI\u00d3N DEL CONTRABANDO &#8211; Elementos FAVORECIMIENTO Y FACILITACI\u00d3N DEL CONTRABANDO &#8211; Elementos: dolo, conocimiento respecto de la ilegalidad de las mercanc\u00edas y de que, con su comportamiento, est\u00e1 participando en el tr\u00e1fico ilegal de mercanc\u00edas LEGISLACI\u00d3N ADUANERA &#8211; Aprehensi\u00f3n y decomiso de mercanc\u00eda LEGISLACI\u00d3N ADUANERA &#8211; Obligaci\u00f3n aduanera: declaraci\u00f3n de importaci\u00f3n LEGISLACI\u00d3N &hellip; <a href=\"https:\/\/cortesuprema.gov.co\/corte\/index.php\/2023\/10\/06\/favorecimiento-y-facilitacion-del-contrabando-elementos\/\" class=\"more-link\">Continuar leyendo<span class=\"screen-reader-text\"> \u00abFAVORECIMIENTO Y FACILITACI\u00d3N DEL CONTRABANDO &#8211; Elementos\u00bb<\/span><\/a><\/p>\n","protected":false},"author":12,"featured_media":0,"comment_status":"closed","ping_status":"closed","sticky":false,"template":"","format":"standard","meta":{"footnotes":""},"categories":[68],"tags":[86,2470,502,3284,71,3285],"class_list":["post-62532","post","type-post","status-publish","format-standard","hentry","category-novedades","tag-corte-suprema-de-justicia","tag-dr-diego-eugenio-corredor-beltran","tag-elementos","tag-favorecimiento-y-facilitacion-del-contrabando","tag-sala-penal","tag-sp349-202356154"],"_links":{"self":[{"href":"https:\/\/cortesuprema.gov.co\/corte\/index.php\/wp-json\/wp\/v2\/posts\/62532","targetHints":{"allow":["GET"]}}],"collection":[{"href":"https:\/\/cortesuprema.gov.co\/corte\/index.php\/wp-json\/wp\/v2\/posts"}],"about":[{"href":"https:\/\/cortesuprema.gov.co\/corte\/index.php\/wp-json\/wp\/v2\/types\/post"}],"author":[{"embeddable":true,"href":"https:\/\/cortesuprema.gov.co\/corte\/index.php\/wp-json\/wp\/v2\/users\/12"}],"replies":[{"embeddable":true,"href":"https:\/\/cortesuprema.gov.co\/corte\/index.php\/wp-json\/wp\/v2\/comments?post=62532"}],"version-history":[{"count":1,"href":"https:\/\/cortesuprema.gov.co\/corte\/index.php\/wp-json\/wp\/v2\/posts\/62532\/revisions"}],"predecessor-version":[{"id":62533,"href":"https:\/\/cortesuprema.gov.co\/corte\/index.php\/wp-json\/wp\/v2\/posts\/62532\/revisions\/62533"}],"wp:attachment":[{"href":"https:\/\/cortesuprema.gov.co\/corte\/index.php\/wp-json\/wp\/v2\/media?parent=62532"}],"wp:term":[{"taxonomy":"category","embeddable":true,"href":"https:\/\/cortesuprema.gov.co\/corte\/index.php\/wp-json\/wp\/v2\/categories?post=62532"},{"taxonomy":"post_tag","embeddable":true,"href":"https:\/\/cortesuprema.gov.co\/corte\/index.php\/wp-json\/wp\/v2\/tags?post=62532"}],"curies":[{"name":"wp","href":"https:\/\/api.w.org\/{rel}","templated":true}]}}